{"id":72983,"date":"2022-05-07T20:25:38","date_gmt":"2022-05-08T01:25:38","guid":{"rendered":"http:\/\/lamendigapolitica.com\/?p=72983"},"modified":"2022-05-08T22:27:04","modified_gmt":"2022-05-09T03:27:04","slug":"zapopan-inaugura-la-exposicion-paseo-perron-del-festival-cultural-de-mayo","status":"publish","type":"post","link":"https:\/\/lamendigapolitica.com\/?p=72983","title":{"rendered":"Zapopan inaugura la exposici\u00f3n Paseo Perr\u00f3n del Festival Cultural de Mayo"},"content":{"rendered":"<p><img loading=\"lazy\" decoding=\"async\" class=\"aligncenter size-full wp-image-72984\" src=\"https:\/\/lamendigapolitica.com\/blog\/wp-content\/uploads\/2022\/05\/52057426399_21ebc26b7d_c.jpg\" alt=\"\" width=\"799\" height=\"533\" \/><\/p>\n<p>&nbsp;<\/p>\n<p>El Festival Cultural de Mayo inaugura su edici\u00f3n n\u00famero 25 con la exhibici\u00f3n escult\u00f3rica Paseo Perr\u00f3n, una muestra de la artista Sof\u00eda Crimen que estar\u00e1 recorriendo exclusivamente diversas sedes en el Municipio de Zapopan.<\/p>\n<p>Su primera parada es la Glorieta Chapalita, donde 29 piezas figurativas que asemejan la forma de perros de gran tama\u00f1o y en distintas posiciones, desde a la espera, en posici\u00f3n de alerta o listos para jugar, le dan la bienvenida a las y los visitantes.<!--more--><\/p>\n<p>Es por esto que el Presidente Municipal de Zapopan, Juan Jos\u00e9 Frangie Saade, agradeci\u00f3 la intervenci\u00f3n de Sof\u00eda Crimen para hacer de las calles una galer\u00eda abierta al p\u00fablico.<\/p>\n<p>\u201cHay gente en Zapopan que no conoce un museo, hay gente en Zapopan que nunca ha visto una escultura. Tenemos un mill\u00f3n y medio de habitantes pero tenemos 500 mil personas en la desigualdad y es por eso que estamos llevando la cultura, la educaci\u00f3n y el deporte a todas esas gentes\u201d, resalt\u00f3 Frangie.<\/p>\n<p>Esta vinculaci\u00f3n entre el Festival Cultural de Mayo y la Direcci\u00f3n de Cultura de Zapopan busca crear un discurso en el que la protecci\u00f3n y el cuidado de los animales pueda ser visto a trav\u00e9s del arte.<\/p>\n<p>\u201cEn todas las problem\u00e1ticas sociales que tengamos, podemos usar la cultura como un canal de comunicaci\u00f3n para llevar hacia la reflexi\u00f3n a las personas y poder apoyar directamente al Plan Municipal de Desarrollo a trav\u00e9s de la reflexi\u00f3n en los problemas que al Alcalde le interesan\u201d, puntualiz\u00f3 el director de Cultura de Zapopan, Cristopher de Alba Anguiano.<\/p>\n<p>Para la artista pl\u00e1stica Sof\u00eda Crimen, el perro representa la compa\u00f1\u00eda que siempre est\u00e1, a\u00fan cuando se van las risas, la tranquilidad, el d\u00eda, la gente y hasta la salud. Dentro del festival el perro se convierte en el gu\u00eda de la ruta art\u00edstica que pretende re contextualizar el arte, llevando la cultura a las calles, compa\u00f1ero de este paseo que sensibiliza y nos ense\u00f1a a observar.<\/p>\n<p>\u201cEstamos muy contentos de que nos hayan invitado porque creemos que este espacio va a sensibilizar a la gente a que se acerque a buscar el adoptar a una mascota. Si los ven bonitos en la escultura son m\u00e1s bonitos en persona y son m\u00e1s bonitos cuando los tenemos en casa porque se vuelven un miembro de la familia que te cambia la vida\u201d, agreg\u00f3 la directora de Protecci\u00f3n Animal de Zapopan, Yamil\u00e9 Lofte Gal\u00e1n.<\/p>\n<p>Adem\u00e1s de la Glorieta Chapalita, el Paseo Perr\u00f3n itinerar\u00e1 durante todo el mes en puntos como el Parque Metropolitano, la Universidad Panamericana, el Parque de las Ni\u00f1as y los Ni\u00f1os y la Estaci\u00f3n Zapopan Centro del Tren Ligero.<\/p>\n<p>Asimismo, se contar\u00e1 con actividades paralelas como el muro Mi querido perro que honra la vida de las mascotas que han fallecido, el Reto Perr\u00f3n y campa\u00f1as adopci\u00f3n, esterilizaci\u00f3n y vacunaci\u00f3n gratuitas para caninos.<\/p>\n<p>&nbsp;<\/p>\n","protected":false},"excerpt":{"rendered":"<p>&nbsp; El Festival Cultural de Mayo inaugura su edici\u00f3n n\u00famero 25 con la exhibici\u00f3n escult\u00f3rica Paseo Perr\u00f3n, una muestra de la artista Sof\u00eda Crimen que estar\u00e1 recorriendo exclusivamente diversas sedes en el Municipio de Zapopan. Su primera parada es la Glorieta Chapalita, donde 29 piezas figurativas que asemejan la forma de perros de gran tama\u00f1o &hellip; <\/p>\n<p><a class=\"more-link btn\" href=\"https:\/\/lamendigapolitica.com\/?p=72983\">Seguir leyendo<\/a><\/p>\n","protected":false},"author":1,"featured_media":0,"comment_status":"open","ping_status":"closed","sticky":false,"template":"","format":"standard","meta":{"footnotes":""},"categories":[97,26,36,20,22],"tags":[],"class_list":["post-72983","post","type-post","status-publish","format-standard","hentry","category-comunicacion","category-cultura","category-espectaculos","category-gobierno","category-sociales","item-wrap"],"_links":{"self":[{"href":"https:\/\/lamendigapolitica.com\/index.php?rest_route=\/wp\/v2\/posts\/72983","targetHints":{"allow":["GET"]}}],"collection":[{"href":"https:\/\/lamendigapolitica.com\/index.php?rest_route=\/wp\/v2\/posts"}],"about":[{"href":"https:\/\/lamendigapolitica.com\/index.php?rest_route=\/wp\/v2\/types\/post"}],"author":[{"embeddable":true,"href":"https:\/\/lamendigapolitica.com\/index.php?rest_route=\/wp\/v2\/users\/1"}],"replies":[{"embeddable":true,"href":"https:\/\/lamendigapolitica.com\/index.php?rest_route=%2Fwp%2Fv2%2Fcomments&post=72983"}],"version-history":[{"count":1,"href":"https:\/\/lamendigapolitica.com\/index.php?rest_route=\/wp\/v2\/posts\/72983\/revisions"}],"predecessor-version":[{"id":72985,"href":"https:\/\/lamendigapolitica.com\/index.php?rest_route=\/wp\/v2\/posts\/72983\/revisions\/72985"}],"wp:attachment":[{"href":"https:\/\/lamendigapolitica.com\/index.php?rest_route=%2Fwp%2Fv2%2Fmedia&parent=72983"}],"wp:term":[{"taxonomy":"category","embeddable":true,"href":"https:\/\/lamendigapolitica.com\/index.php?rest_route=%2Fwp%2Fv2%2Fcategories&post=72983"},{"taxonomy":"post_tag","embeddable":true,"href":"https:\/\/lamendigapolitica.com\/index.php?rest_route=%2Fwp%2Fv2%2Ftags&post=72983"}],"curies":[{"name":"wp","href":"https:\/\/api.w.org\/{rel}","templated":true}]}}