{"id":72979,"date":"2022-05-08T22:22:37","date_gmt":"2022-05-09T03:22:37","guid":{"rendered":"http:\/\/lamendigapolitica.com\/?p=72979"},"modified":"2022-05-08T22:23:29","modified_gmt":"2022-05-09T03:23:29","slug":"72979","status":"publish","type":"post","link":"https:\/\/lamendigapolitica.com\/?p=72979","title":{"rendered":"Culmina el Coloquio \u2018\u00a1Viva la Literatura!\u2019, en la 53\u00b0 edici\u00f3n de la Feria Municipal del Libro y la Cultura"},"content":{"rendered":"<p><img loading=\"lazy\" decoding=\"async\" class=\"aligncenter size-full wp-image-72980\" src=\"https:\/\/lamendigapolitica.com\/blog\/wp-content\/uploads\/2022\/05\/52056589327_13d3cc310c_c.jpg\" alt=\"\" width=\"800\" height=\"449\" srcset=\"https:\/\/lamendigapolitica.com\/wp-content\/uploads\/2022\/05\/52056589327_13d3cc310c_c.jpg 800w, https:\/\/lamendigapolitica.com\/wp-content\/uploads\/2022\/05\/52056589327_13d3cc310c_c-300x168.jpg 300w, https:\/\/lamendigapolitica.com\/wp-content\/uploads\/2022\/05\/52056589327_13d3cc310c_c-768x431.jpg 768w, https:\/\/lamendigapolitica.com\/wp-content\/uploads\/2022\/05\/52056589327_13d3cc310c_c-555x311.jpg 555w\" sizes=\"auto, (max-width: 800px) 100vw, 800px\" \/><\/p>\n<p>&nbsp;<\/p>\n<p>En el marco de la 53\u00b0 edici\u00f3n de la Feria Municipal del Libro y la Cultura de Guadalajara, ayer por la tarde se celebr\u00f3 la tercera y \u00faltima sesi\u00f3n del Coloquio \u00a1Viva la Literatura!, en el escenario ubicado sobre el Paseo Fray Antonio Alcalde\u2014a la altura de la Rotonda de las y los Jaliscienses Ilustres\u2014, en el Centro Hist\u00f3rico de la ciudad.<\/p>\n<p>Para este cierre, en torno a la creaci\u00f3n de narrativa, se realiz\u00f3 una lectura en voz alta por parte de Hiram Ruvalcaba, Cecilia Maga\u00f1a y Edna Montes, con la moderaci\u00f3n de Gerardo Lammers.<!--more--><\/p>\n<p>El Coloquio \u00a1Viva la Literatura! se realiz\u00f3 en tres fechas: 24 de abril, 1 y 7 de mayo.<\/p>\n<p>Se dieron cita autoras y autores locales, nacionales e internacionales para el intercambio de experiencias profesionales, de vida lectura en voz alta de fragmentos de sus obras y di\u00e1logo con el p\u00fablico presente.<\/p>\n<p>Se presentaron en este escenario escritoras y escritores como Archil Kikodze, Abril Posas, Sayuri S\u00e1nchez, Xitlalitl Rodr\u00edguez, Paola Llamas Dinero, Selene Flores, Juli\u00e1n Herbert, Hugo Hiriart, Elisa D\u00edaz Castelo, Jos\u00e9 Eugenio S\u00e1nchez, Alejandra Arreola, entre otras y otros.<\/p>\n<p>Para este fin se realizaron paneles en torno a g\u00e9neros literarios como cuento infantil, poes\u00eda, poes\u00eda joven, narrativa, ensayo y ficci\u00f3n.<\/p>\n<p>Esta actividad se sum\u00f3 a la oferta cultural en la ciudad con motivo del inicio del nombramiento de Guadalajara como la Capital Mundial del Libro durante el periodo de un a\u00f1o, hasta el 22 de abril de 2023.<\/p>\n<p>Cabe destacar que hoy es el \u00faltimo d\u00eda de actividades de la Feria Municipal del Libro y la Cultura de Guadalajara, que est\u00e1 instalada en los Portales de Presidencia Municipal y el andador Pedro Loza, en la Zona Centro.<\/p>\n<p>La jornada de esta 53\u00b0 edici\u00f3n cerrar\u00e1 con la presentaci\u00f3n de Cornelio Garc\u00eda y el Mariachi Arredondo, en el escenario de Paseo Fray Antonio Alcalde.<\/p>\n<p>El programa de actividades de la Feria Municipal del Libro y la Cultura se puede consultar en https:\/\/feriamunicipaldellibrogdl.com.mx\/programa\/ ; mientras que la oferta de Guadalajara, Capital Mundial del Libro, puede verse en www.gdlee.mx .<\/p>\n","protected":false},"excerpt":{"rendered":"<p>&nbsp; En el marco de la 53\u00b0 edici\u00f3n de la Feria Municipal del Libro y la Cultura de Guadalajara, ayer por la tarde se celebr\u00f3 la tercera y \u00faltima sesi\u00f3n del Coloquio \u00a1Viva la Literatura!, en el escenario ubicado sobre el Paseo Fray Antonio Alcalde\u2014a la altura de la Rotonda de las y los Jaliscienses &hellip; <\/p>\n<p><a class=\"more-link btn\" href=\"https:\/\/lamendigapolitica.com\/?p=72979\">Seguir leyendo<\/a><\/p>\n","protected":false},"author":1,"featured_media":0,"comment_status":"open","ping_status":"closed","sticky":false,"template":"","format":"standard","meta":{"footnotes":""},"categories":[1,26,36,20,22],"tags":[],"class_list":["post-72979","post","type-post","status-publish","format-standard","hentry","category-columnista","category-cultura","category-espectaculos","category-gobierno","category-sociales","item-wrap"],"_links":{"self":[{"href":"https:\/\/lamendigapolitica.com\/index.php?rest_route=\/wp\/v2\/posts\/72979","targetHints":{"allow":["GET"]}}],"collection":[{"href":"https:\/\/lamendigapolitica.com\/index.php?rest_route=\/wp\/v2\/posts"}],"about":[{"href":"https:\/\/lamendigapolitica.com\/index.php?rest_route=\/wp\/v2\/types\/post"}],"author":[{"embeddable":true,"href":"https:\/\/lamendigapolitica.com\/index.php?rest_route=\/wp\/v2\/users\/1"}],"replies":[{"embeddable":true,"href":"https:\/\/lamendigapolitica.com\/index.php?rest_route=%2Fwp%2Fv2%2Fcomments&post=72979"}],"version-history":[{"count":2,"href":"https:\/\/lamendigapolitica.com\/index.php?rest_route=\/wp\/v2\/posts\/72979\/revisions"}],"predecessor-version":[{"id":72982,"href":"https:\/\/lamendigapolitica.com\/index.php?rest_route=\/wp\/v2\/posts\/72979\/revisions\/72982"}],"wp:attachment":[{"href":"https:\/\/lamendigapolitica.com\/index.php?rest_route=%2Fwp%2Fv2%2Fmedia&parent=72979"}],"wp:term":[{"taxonomy":"category","embeddable":true,"href":"https:\/\/lamendigapolitica.com\/index.php?rest_route=%2Fwp%2Fv2%2Fcategories&post=72979"},{"taxonomy":"post_tag","embeddable":true,"href":"https:\/\/lamendigapolitica.com\/index.php?rest_route=%2Fwp%2Fv2%2Ftags&post=72979"}],"curies":[{"name":"wp","href":"https:\/\/api.w.org\/{rel}","templated":true}]}}