{"id":72964,"date":"2022-05-06T20:29:41","date_gmt":"2022-05-07T01:29:41","guid":{"rendered":"http:\/\/lamendigapolitica.com\/?p=72964"},"modified":"2022-05-06T20:29:41","modified_gmt":"2022-05-07T01:29:41","slug":"arranco-en-guadalajara-el-vii-festival-intercultural-de-pueblos-originarios","status":"publish","type":"post","link":"https:\/\/lamendigapolitica.com\/?p=72964","title":{"rendered":"Arranc\u00f3 en Guadalajara el VII Festival Intercultural de Pueblos Originarios"},"content":{"rendered":"<p><img loading=\"lazy\" decoding=\"async\" class=\"aligncenter size-full wp-image-72965\" src=\"https:\/\/lamendigapolitica.com\/blog\/wp-content\/uploads\/2022\/05\/52054954943_e0998d2919_c.jpg\" alt=\"\" width=\"799\" height=\"533\" \/><\/p>\n<p>&nbsp;<\/p>\n<p>En esta muestra, que concluye el 15 de mayo en Plaza Fundadores, se re\u00fanen la riqueza, sabor y color de diversos pueblos y comunidades ind\u00edgenas de la entidad<\/p>\n<p>Se ofrecen diversos productos como artesan\u00edas hechas a mano, alimentos, textiles, juguetes, bisuter\u00eda, piezas de ornato, entre otros<\/p>\n<p>El colorido, la riqueza cultural y la diversidad de sabores de los pueblos ind\u00edgenas est\u00e1n presentes en la capital de Jalisco con la inauguraci\u00f3n del VII Festival Intercultural de Pueblo Originarios, que estar\u00e1 abierto a partir de hoy y al 15 de mayo en un horario de 9:00 a 21:00 horas en Plaza Fundadores, en el Centro Hist\u00f3rico de la ciudad.<!--more--><\/p>\n<p>El objetivo de este festival es la difusi\u00f3n y reconocimiento de la existencia de los derechos individuales y colectivos de las y los ind\u00edgenas de los municipios de Jalisco, el reconocimiento de su equidad, libre determinaci\u00f3n y autonom\u00eda, as\u00ed como la promoci\u00f3n y preservaci\u00f3n de las ra\u00edces y patrimonio cultural de los pueblos originarios.<\/p>\n<p>En este VII Festival Intercultural de Pueblo Originarios se re\u00fanen comunidades \u00e9tnicas como wix\u00e1rika, otom\u00ed, tzotzil, mixteco, nahua, mazahua y zapoteca.<\/p>\n<p>En estos d\u00edas tambi\u00e9n se realizar\u00e1n exposiciones, muestras de arte, cultura y gastronom\u00eda, eventos culturales de cada regi\u00f3n, talleres de lenguas maternas, danzas y juegos, entre otras actividades.<\/p>\n<p>En cuanto a la gastronom\u00eda se podr\u00e1 disfrutar de tlayudas, mole, tamales, chocolate, quesillos, dulces, pozol, tepache, tejuino, nieve artesanal y caf\u00e9, entre otros productos.<\/p>\n<p>El objetivo es visibilizar y dignificar a los pueblos originarios, que la sociedad sepa qui\u00e9nes son los otom\u00eds, mazahuas, pur\u00e9pechas, el n\u00e1huatl, mixteco; el objetivo es que se conozca la diversidad cultural, la riqueza.<\/p>\n","protected":false},"excerpt":{"rendered":"<p>&nbsp; En esta muestra, que concluye el 15 de mayo en Plaza Fundadores, se re\u00fanen la riqueza, sabor y color de diversos pueblos y comunidades ind\u00edgenas de la entidad Se ofrecen diversos productos como artesan\u00edas hechas a mano, alimentos, textiles, juguetes, bisuter\u00eda, piezas de ornato, entre otros El colorido, la riqueza cultural y la diversidad &hellip; <\/p>\n<p><a class=\"more-link btn\" href=\"https:\/\/lamendigapolitica.com\/?p=72964\">Seguir leyendo<\/a><\/p>\n","protected":false},"author":1,"featured_media":0,"comment_status":"open","ping_status":"closed","sticky":false,"template":"","format":"standard","meta":{"footnotes":""},"categories":[42,97,26,30,36,20,22,24],"tags":[],"class_list":["post-72964","post","type-post","status-publish","format-standard","hentry","category-clima","category-comunicacion","category-cultura","category-economia","category-espectaculos","category-gobierno","category-sociales","category-turismo","item-wrap"],"_links":{"self":[{"href":"https:\/\/lamendigapolitica.com\/index.php?rest_route=\/wp\/v2\/posts\/72964","targetHints":{"allow":["GET"]}}],"collection":[{"href":"https:\/\/lamendigapolitica.com\/index.php?rest_route=\/wp\/v2\/posts"}],"about":[{"href":"https:\/\/lamendigapolitica.com\/index.php?rest_route=\/wp\/v2\/types\/post"}],"author":[{"embeddable":true,"href":"https:\/\/lamendigapolitica.com\/index.php?rest_route=\/wp\/v2\/users\/1"}],"replies":[{"embeddable":true,"href":"https:\/\/lamendigapolitica.com\/index.php?rest_route=%2Fwp%2Fv2%2Fcomments&post=72964"}],"version-history":[{"count":1,"href":"https:\/\/lamendigapolitica.com\/index.php?rest_route=\/wp\/v2\/posts\/72964\/revisions"}],"predecessor-version":[{"id":72966,"href":"https:\/\/lamendigapolitica.com\/index.php?rest_route=\/wp\/v2\/posts\/72964\/revisions\/72966"}],"wp:attachment":[{"href":"https:\/\/lamendigapolitica.com\/index.php?rest_route=%2Fwp%2Fv2%2Fmedia&parent=72964"}],"wp:term":[{"taxonomy":"category","embeddable":true,"href":"https:\/\/lamendigapolitica.com\/index.php?rest_route=%2Fwp%2Fv2%2Fcategories&post=72964"},{"taxonomy":"post_tag","embeddable":true,"href":"https:\/\/lamendigapolitica.com\/index.php?rest_route=%2Fwp%2Fv2%2Ftags&post=72964"}],"curies":[{"name":"wp","href":"https:\/\/api.w.org\/{rel}","templated":true}]}}