{"id":72718,"date":"2022-04-14T15:02:27","date_gmt":"2022-04-14T20:02:27","guid":{"rendered":"http:\/\/lamendigapolitica.com\/?p=72718"},"modified":"2022-04-14T15:02:27","modified_gmt":"2022-04-14T20:02:27","slug":"udg-sumara-mas-de-800-actividades-a-guadalajara-capital-mundial-del-libro-2022","status":"publish","type":"post","link":"https:\/\/lamendigapolitica.com\/?p=72718","title":{"rendered":"UDG sumar\u00e1 m\u00e1s de 800 actividades a Guadalajara, Capital Mundial del Libro 2022"},"content":{"rendered":"<p><img loading=\"lazy\" decoding=\"async\" class=\"aligncenter size-full wp-image-72719\" src=\"https:\/\/lamendigapolitica.com\/blog\/wp-content\/uploads\/2022\/04\/321.jpg\" alt=\"\" width=\"310\" height=\"162\" \/><\/p>\n<p>Coordinados por Cultura UDG, instituciones, dependencias y festivales de la Universidad dise\u00f1aron un amplio programa que se suma al propuesto por el Gobierno de Guadalajara<\/p>\n<p>La Universidad de Guadalajara contribuir\u00e1 con m\u00e1s de 800 actividades al programa de Guadalajara, Capital Mundial del Libro 2022, designaci\u00f3n que le fue conferida a nuestra ciudad por la Organizaci\u00f3n de las Naciones Unidas para la Educaci\u00f3n, la Ciencia y la Cultura (Unesco, por sus siglas en ingl\u00e9s) para el periodo comprendido entre el 23 de abril de 2022 y el 22 de abril de 2023.<!--more--><\/p>\n<p>El programa es operado por el Gobierno de Guadalajara y cuenta con la colaboraci\u00f3n de la UDG y el Gobierno del Estado de Jalisco, entre otras instituciones y organismos que integran su consejo asesor.<\/p>\n<p>La programaci\u00f3n que la Universidad suma al programa de Capital Mundial del Libro se integr\u00f3 con las propuestas que proyectaron y operar\u00e1n la Feria Internacional del Libro de Guadalajara, el Sistema Universitario de Bibliotecas, el Sistema de Educaci\u00f3n Media Superior, la Divisi\u00f3n de Estudios Hist\u00f3ricos y Humanos del CUCSH; el Instituto Transdisciplinar en Literacidad del CUAAD, la Librer\u00eda Carlos Fuentes, la Editorial Universitaria, el Museo de las Artes, la C\u00e1tedra Julio Cort\u00e1zar, la Coordinaci\u00f3n de Artes Esc\u00e9nicas y Literatura de Cultura UDG, el Festival Internacional de Cine en Guadalajara y el Festival Papirolas.<\/p>\n<p>Ser\u00e1n actividades para p\u00fablicos diversos y tendr\u00e1n lugar no s\u00f3lo en Guadalajara y su \u00e1rea metropolitana, sino tambi\u00e9n en otros municipios de Jalisco con presencia de la Universidad, aprovechando su infraestructura cultural y bibliotecaria.<\/p>\n<p>El programa propuesto por la casa de estudios se sustenta en la promoci\u00f3n del libro y la lectura, la recuperaci\u00f3n de espacios p\u00fablicos y el fomento de la cultura de la paz, y arrancar\u00e1 con el marat\u00f3n de lectura en voz alta de Ensayo sobre la ceguera, de Jos\u00e9 Saramago, el pr\u00f3ximo 23 de abril en el Paseo Fray Antonio Alcalde (a un costado de la Presidencia de Guadalajara), como parte de las actividades inaugurales de Guadalajara, Capital Mundial del Libro 2022. Cada participante recibir\u00e1 ese d\u00eda, como obsequio de la FIL, con apoyo de Penguin Random House, un ejemplar del libro del escritor portugu\u00e9s.<\/p>\n<p>La FIL Guadalajara tambi\u00e9n ha preparado, a lo largo del a\u00f1o, una extensi\u00f3n de Ecos de la FIL, que llevar\u00e1 autores a encontrarse con sus lectores en centros culturales y plazas p\u00fablicas de la ciudad, y el proyecto Fahrenheit 451, que durante los domingos de septiembre tendr\u00e1 en la V\u00eda RecreActiva intervenciones basadas en el libro de Ray Bradbury, en las que se invitar\u00e1 a colaborar a bomberos de Guadalajara.<\/p>\n<p>FIL Ni\u00f1os, por su parte, ofrecer\u00e1 dos programas: el Proyecto Palabra, que contempla una serie de talleres de escritura creativa y expresi\u00f3n esc\u00e9nica que tendr\u00e1 su culminaci\u00f3n en un slam de poes\u00eda sonora en FIL Ni\u00f1os; y la Imprenta Subversiva para la Ni\u00f1ez: una unidad m\u00f3vil donde las ni\u00f1as y los ni\u00f1os podr\u00e1n experimentar con m\u00e1quinas de impresi\u00f3n y con el lenguaje para proponer formas de convivencia libres de violencia en sus comunidades.<\/p>\n<p>El Festival Internacional de Cine en Guadalajara, que este a\u00f1o se realizar\u00e1 del 10 al 18 de junio, aportar\u00e1 proyecciones de pel\u00edculas nacionales e internacionales, provenientes de adaptaciones literarias, en plazas p\u00fablicas de Guadalajara, y la producci\u00f3n de un cineminuto alusivo a la Capital Mundial del Libro. El Festival Papirolas, por su parte, dedicar\u00e1 su tema anual a los libros, y se realizar\u00e1 del 5 al 9 de octubre en el Centro Cultural Universitario.<\/p>\n<p>El Museo de las Artes, en una colaboraci\u00f3n con el Sistema Universitario de Bibliotecas y la Biblioteca P\u00fablica del Estado Juan Jos\u00e9 Arreola, inaugurar\u00e1 en octubre la exposici\u00f3n Impresiones del pensamiento, conformada por una selecci\u00f3n de libros tipogr\u00e1ficos y materiales documentales, obras art\u00edsticas, instrumentos cient\u00edficos, mobiliario antiguo y elementos digitales que crear\u00e1n una experiencia inmersiva en torno al protagonismo del libro en la generaci\u00f3n, la difusi\u00f3n y la conservaci\u00f3n del pensamiento y la modernidad.<\/p>\n<p>Por su parte, el Instituto Transdisciplinar en Literacidad del Centro Universitario de Arte, Arquitectura y Dise\u00f1o prepar\u00f3 el proyecto Urbaliteracidad, un amplio programa de actividades que, en coordinaci\u00f3n y con apoyo de la Direcci\u00f3n de Cultura de Guadalajara, llegar\u00e1 al Paseo Fray Antonio Alcalde y otros puntos de la ciudad con presentaciones de libros, intervenciones en espacios p\u00fablicos, donaciones de las colecciones literarias del programa Letras para Volar y un desfile de carros aleg\u00f3ricos con temas literarios. Como parte de Urbaliteracidad se colocar\u00e1n 52 placas con nombres de escritores en calles de Guadalajara.<\/p>\n<p>En noviembre, en el marco de la C\u00e1tedra Latinoamericana Julio Cort\u00e1zar, el reconocido escritor y bibliotecario Alberto Manguel ofrecer\u00e1 una conferencia magistral sobre la historia del libro y la lectura, mientras que la Divisi\u00f3n de Estudios Hist\u00f3ricos y Humanos del Centro Universitario de Ciencias Sociales y Humanidades realizar\u00e1, a lo largo del a\u00f1o, conferencias y charlas sobre libros, lecturas y cultura de paz, adem\u00e1s de las exposiciones Calepino de Guadalajara de 1949 y La palabra y la tinta: la cultura en Guadalajara a trav\u00e9s de los libros.<\/p>\n<p>El Sistema Universitario de Bibliotecas de la Universidad y su infraestructura, explic\u00f3 el titular de Cultura UDG, son esenciales en el programa de la casa de estudios en Capital Mundial del Libro 2022, pues adem\u00e1s de un amplio abanico de actividades propias para todas y todos sus usuarios \u2014entre las que se incluyen homenajes a Juan Jos\u00e9 Arreola, Amparo D\u00e1vila y Agust\u00edn Y\u00e1\u00f1ez\u2014, sus instalaciones acoger\u00e1n programas, charlas y montajes de otras dependencias universitarias.<\/p>\n<p>El Sistema de Educaci\u00f3n Media Superior de la UDG, por su parte, realizar\u00e1 actividades como Letras cautivas, ciclo de talleres de cuento en centros de reinserci\u00f3n social para j\u00f3venes, y A que te cuento un cuento, que consta de presentaciones y lecturas en casas hogar y casas de descanso, adem\u00e1s del festival Liber Fest, que contempla intervenciones de fomento a la lectura con varias actividades en el ex Deportivo Oblatos, el Parque San Jacinto y el Parque Extremo GDL.<\/p>\n<p>La Librer\u00eda Carlos Fuentes, a su vez, organizar\u00e1 a lo largo del a\u00f1o un programa de charlas, conferencias, presentaciones de libros, mesas de di\u00e1logo, talleres y actividades infantiles, as\u00ed como el encuentro profesional De librer\u00edas y libreros. La Editorial Universitaria, adem\u00e1s de editar algunos t\u00edtulos con otras dependencias universitarias, liberar\u00e1 de forma gratuita, el pr\u00f3ximo 23 de abril, el libro Cien voces de Iberoam\u00e9rica a 35 a\u00f1os de la FIL, con fotograf\u00edas de Maj Lindstr\u00f6m y textos de Vanesa Robles, como un regalo para las y los lectores de habla hispana.<\/p>\n<p>La Coordinaci\u00f3n de Artes Esc\u00e9nicas y Literatura de Cultura UDG celebrar\u00e1 el nombramiento de Capital Mundial del Libro 2022 para Guadalajara con una serie de montajes, entre los que destacan la reposici\u00f3n de Al pie del T\u00e1mesis, obra de Mario Vargas Llosa, y los programas \u00a1Teatro cl\u00e1sico para todos! y Teatro breve mexicano, que representar\u00e1n en plazas p\u00fablicas escenas o extractos de obras literarias, con propuestas frescas de producci\u00f3n y un tratamiento que las har\u00e1 accesibles a todo tipo de p\u00fablicos.<\/p>\n<p>El programa de la Universidad de Guadalajara en el marco de Capital Mundial del Libro 2022 estar\u00e1 disponible pr\u00f3ximamente en las p\u00e1ginas y canales oficiales de las dependencias, centros, festivales e instituciones universitarias involucradas en esta celebraci\u00f3n, explic\u00f3 \u00c1ngel Igor Lozada Rivera Melo, quien al final de su intervenci\u00f3n agradeci\u00f3 al titular del Ayuntamiento de Guadalajara \u201cpor invitarnos a sumar proyectos en este momento clave para nuestra ciudad, que de esta manera se consolida como un polo cultural para M\u00e9xico, Am\u00e9rica Latina y el mundo\u201d.<\/p>\n<p>Al final de la conferencia de prensa, Pablo Lemus, alcalde de Guadalajara, dijo que la Universidad de Guadalajara, el Gobierno del Estado de Jalisco y la Feria Internacional del Libro de Guadalajara son fundamentales en la celebraci\u00f3n de Capital Mundial del Libro, y agradeci\u00f3 personalmente a Marisol Schulz e Igor Lozada su apoyo fundamental para esta celebraci\u00f3n.<\/p>\n<p>Sobre el nombramiento de Capital Mundial del Libro<\/p>\n<p>En noviembre de 2020 la ciudad de Guadalajara fue nombrada Capital Mundial del Libro para el a\u00f1o 2022 por la directora general de la Unesco, Audrey Azoulay, por recomendaci\u00f3n del Comit\u00e9 Consultivo de la Capital Mundial del Libro. En el anuncio del nombramiento, la Unesco inform\u00f3 que el programa propuesto por el Gobierno de Guadalajara se centra en tres ejes estrat\u00e9gicos: \u201cla recuperaci\u00f3n de los espacios p\u00fablicos mediante actividades de lectura en parques y otros espacios accesibles; la vinculaci\u00f3n y cohesi\u00f3n social, especialmente a trav\u00e9s de talleres de lectura y escritura para ni\u00f1os; y el fortalecimiento de la identidad de barrio mediante las conexiones intergeneracionales, la narraci\u00f3n de cuentos y la poes\u00eda callejera\u201d.<\/p>\n<p>Adem\u00e1s, valor\u00f3 que, \u201ccomo Ciudad Creativa de las Artes Digitales, Guadalajara ya ha apoyado a sus talentos locales y a sus industrias creativas mediante iniciativas que ponen a las artes digitales en el coraz\u00f3n de sus programas, incluida su mundialmente famosa Feria Internacional del Libro. Ahora, la ciudad utilizar\u00e1 sus bienes culturales, como bibliotecas, salas de lectura, librer\u00edas y editoriales independientes para mejorar sus pol\u00edticas de prevenci\u00f3n de la violencia. Estos recursos se aprovechar\u00e1n para poner los derechos humanos, la igualdad de g\u00e9nero y la cultura de paz al alcance de los ciudadanos\u201d.<\/p>\n<p>Las ciudades designadas por la UNESCO como Capital Mundial del Libro se comprometen a promover el libro y la lectura organizando actividades a lo largo de todo un a\u00f1o. Guadalajara es la vig\u00e9sima segunda ciudad en ostentar en este t\u00edtulo desde 2001 y sigue a Tiflis (2021) y Kuala Lumpur (2020). Otras capitales mundiales del libro en el pasado fueron Madrid (2001), Alejandr\u00eda (2002), Nueva Delhi (2003), Amberes (2004), Montreal (2005), Tur\u00edn (2006), Bogot\u00e1 (2007), \u00c1msterdam (2008), Beirut (2009), Liubliana (2010), Buenos Aires (2011), Erev\u00e1n (2012), Bangkok (2013), Port Harcourt (2014), Incheon (2015), Breslavia (2016), Conakry (2017), Atenas (2018) y Sharjah, (2019).<\/p>\n<p>Las actividades del programa coordinado por el Gobierno de Guadalajara, en el que participa la Universidad de Guadalajara, pueden consultarse en el sitio https:\/\/gdlee.mx<\/p>\n","protected":false},"excerpt":{"rendered":"<p>Coordinados por Cultura UDG, instituciones, dependencias y festivales de la Universidad dise\u00f1aron un amplio programa que se suma al propuesto por el Gobierno de Guadalajara La Universidad de Guadalajara contribuir\u00e1 con m\u00e1s de 800 actividades al programa de Guadalajara, Capital Mundial del Libro 2022, designaci\u00f3n que le fue conferida a nuestra ciudad por la Organizaci\u00f3n &hellip; <\/p>\n<p><a class=\"more-link btn\" href=\"https:\/\/lamendigapolitica.com\/?p=72718\">Seguir leyendo<\/a><\/p>\n","protected":false},"author":1,"featured_media":0,"comment_status":"open","ping_status":"closed","sticky":false,"template":"","format":"standard","meta":{"footnotes":""},"categories":[97,26,30,28,36,20,22],"tags":[],"class_list":["post-72718","post","type-post","status-publish","format-standard","hentry","category-comunicacion","category-cultura","category-economia","category-educacion","category-espectaculos","category-gobierno","category-sociales","item-wrap"],"_links":{"self":[{"href":"https:\/\/lamendigapolitica.com\/index.php?rest_route=\/wp\/v2\/posts\/72718","targetHints":{"allow":["GET"]}}],"collection":[{"href":"https:\/\/lamendigapolitica.com\/index.php?rest_route=\/wp\/v2\/posts"}],"about":[{"href":"https:\/\/lamendigapolitica.com\/index.php?rest_route=\/wp\/v2\/types\/post"}],"author":[{"embeddable":true,"href":"https:\/\/lamendigapolitica.com\/index.php?rest_route=\/wp\/v2\/users\/1"}],"replies":[{"embeddable":true,"href":"https:\/\/lamendigapolitica.com\/index.php?rest_route=%2Fwp%2Fv2%2Fcomments&post=72718"}],"version-history":[{"count":1,"href":"https:\/\/lamendigapolitica.com\/index.php?rest_route=\/wp\/v2\/posts\/72718\/revisions"}],"predecessor-version":[{"id":72720,"href":"https:\/\/lamendigapolitica.com\/index.php?rest_route=\/wp\/v2\/posts\/72718\/revisions\/72720"}],"wp:attachment":[{"href":"https:\/\/lamendigapolitica.com\/index.php?rest_route=%2Fwp%2Fv2%2Fmedia&parent=72718"}],"wp:term":[{"taxonomy":"category","embeddable":true,"href":"https:\/\/lamendigapolitica.com\/index.php?rest_route=%2Fwp%2Fv2%2Fcategories&post=72718"},{"taxonomy":"post_tag","embeddable":true,"href":"https:\/\/lamendigapolitica.com\/index.php?rest_route=%2Fwp%2Fv2%2Ftags&post=72718"}],"curies":[{"name":"wp","href":"https:\/\/api.w.org\/{rel}","templated":true}]}}