{"id":72650,"date":"2022-04-10T22:26:24","date_gmt":"2022-04-11T03:26:24","guid":{"rendered":"http:\/\/lamendigapolitica.com\/?p=72650"},"modified":"2022-04-10T22:26:24","modified_gmt":"2022-04-11T03:26:24","slug":"vas-a-ir-a-la-playa-cuidate-del-sol","status":"publish","type":"post","link":"https:\/\/lamendigapolitica.com\/?p=72650","title":{"rendered":"\u00bfVas a ir a la playa? \u00a1Cu\u00eddate del sol!"},"content":{"rendered":"<p><img loading=\"lazy\" decoding=\"async\" class=\"size-large wp-image-72651\" src=\"https:\/\/lamendigapolitica.com\/blog\/wp-content\/uploads\/2022\/04\/1fae1d5e-bc3f-a25d-3de1-d83a71056ea6-1024x683.jpg\" alt=\"\" width=\"555\" height=\"370\" \/><\/p>\n<p>Las vacaciones de Semana Santa y Pascua est\u00e1n por iniciar; en estas fechas miles de personas buscan tener un momento de esparcimiento y olvidarse del traj\u00edn diario de la ciudad, y la playa es una excelente opci\u00f3n.<br \/>\nLa emoci\u00f3n de disfrutar este periodo vacacional puede provocar que la gente olvide del cuidad de uno de los \u00f3rganos m\u00e1s importante del cuerpo: la piel.<\/p>\n<p>La Dra. Paola Orozco Hern\u00e1ndez, Directora de Formaci\u00f3n Universitaria de Ciencias de la Salud en la Facultad de Medicina de la Universidad Aut\u00f3noma de Guadalajara (UAG), comparte algunos consejos para cuidar la piel de los rayos ultra violeta (UV) que irradia el sol.<!--more--><\/p>\n<p>Usar bloqueador solar<\/p>\n<p>\u00c9ste sin duda es el m\u00e1s importante de todos. No importa si pasa las vacaciones en casa o en la playa, siempre se debe de aplicar protector solar, esto nos ayuda a prevenir el foto envejecimiento, adem\u00e1s de las m\u00e1s temidas manchas solares (lentigos solares).<\/p>\n<p>Hay f\u00f3rmulas especiales para aplicar en el rostro, las cuales tienen textura mucho m\u00e1s ligera, puede encontrar las ideales para todas las necesidades, pueden ser textura l\u00edquida, mousse o gel. Tambi\u00e9n encontrarlos con color o sin color. Le recuerdo que para mantener la foto protecci\u00f3n es necesario retocar cada 4 horas.<\/p>\n<p>No olvides tu cuerpo<\/p>\n<p>S\u00ed, es igual de importante aplicar protector solar en el cuerpo como en el rostro, esto ayuda a mantener la hidrataci\u00f3n de la piel al mismo tiempo que la protegemos de los rayos UVB y UVA.<br \/>\nEs importante reaplicar el protector solar despu\u00e9s de nadar, deportes al aire libre o haber tenido una ducha.<\/p>\n<p>Mant\u00e9n hidratada tu piel<\/p>\n<p>Con los cambios de temperatura, exposici\u00f3n solar y el traj\u00edn en aeropuertos la piel se puede sentir seca, opaca o incluso irritada debido a la falta de hidrataci\u00f3n, se puede evitar esta molestia si aplica por la ma\u00f1ana y noche un buen hidratante. No tiene que sentirse pesado o grasoso, eso ya qued\u00f3 en el pasado.<\/p>\n<p>Sombrero y lentes<\/p>\n<p>As\u00ed como cuidamos nuestra piel aplicando protector solar, es importante de igual manera usar alg\u00fan m\u00e9todo de barrera, puedes elegir ese sombrero que complementa tu outfit para protegerte mejor del sol.<br \/>\nTambi\u00e9n los lentes de sol son importantes para evitar da\u00f1o en nuestros ojos ocasionado por la radiaci\u00f3n solar.<\/p>\n<p>Mantente hidratado<\/p>\n<p>Un \u00faltimo consejo, no olvidar tomar agua, lo suficiente para mantener hidratado el organismo. Se recomienda alrededor de 2 litros de agua, pero agua natural, evita el uso de endulzantes y bebidas como refrescos o t\u00e9s endulzados.<br \/>\nSiguiendo estos simples consejos sin duda ayudar\u00e1 a prevenir da\u00f1o solar al igual que la piel lucir\u00e1 muy bien.<\/p>\n","protected":false},"excerpt":{"rendered":"<p>Las vacaciones de Semana Santa y Pascua est\u00e1n por iniciar; en estas fechas miles de personas buscan tener un momento de esparcimiento y olvidarse del traj\u00edn diario de la ciudad, y la playa es una excelente opci\u00f3n. La emoci\u00f3n de disfrutar este periodo vacacional puede provocar que la gente olvide del cuidad de uno de &hellip; <\/p>\n<p><a class=\"more-link btn\" href=\"https:\/\/lamendigapolitica.com\/?p=72650\">Seguir leyendo<\/a><\/p>\n","protected":false},"author":1,"featured_media":0,"comment_status":"open","ping_status":"closed","sticky":false,"template":"","format":"standard","meta":{"footnotes":""},"categories":[42,43,36,29,22,24],"tags":[],"class_list":["post-72650","post","type-post","status-publish","format-standard","hentry","category-clima","category-ecologia","category-espectaculos","category-salud","category-sociales","category-turismo","item-wrap"],"_links":{"self":[{"href":"https:\/\/lamendigapolitica.com\/index.php?rest_route=\/wp\/v2\/posts\/72650","targetHints":{"allow":["GET"]}}],"collection":[{"href":"https:\/\/lamendigapolitica.com\/index.php?rest_route=\/wp\/v2\/posts"}],"about":[{"href":"https:\/\/lamendigapolitica.com\/index.php?rest_route=\/wp\/v2\/types\/post"}],"author":[{"embeddable":true,"href":"https:\/\/lamendigapolitica.com\/index.php?rest_route=\/wp\/v2\/users\/1"}],"replies":[{"embeddable":true,"href":"https:\/\/lamendigapolitica.com\/index.php?rest_route=%2Fwp%2Fv2%2Fcomments&post=72650"}],"version-history":[{"count":1,"href":"https:\/\/lamendigapolitica.com\/index.php?rest_route=\/wp\/v2\/posts\/72650\/revisions"}],"predecessor-version":[{"id":72652,"href":"https:\/\/lamendigapolitica.com\/index.php?rest_route=\/wp\/v2\/posts\/72650\/revisions\/72652"}],"wp:attachment":[{"href":"https:\/\/lamendigapolitica.com\/index.php?rest_route=%2Fwp%2Fv2%2Fmedia&parent=72650"}],"wp:term":[{"taxonomy":"category","embeddable":true,"href":"https:\/\/lamendigapolitica.com\/index.php?rest_route=%2Fwp%2Fv2%2Fcategories&post=72650"},{"taxonomy":"post_tag","embeddable":true,"href":"https:\/\/lamendigapolitica.com\/index.php?rest_route=%2Fwp%2Fv2%2Ftags&post=72650"}],"curies":[{"name":"wp","href":"https:\/\/api.w.org\/{rel}","templated":true}]}}