{"id":72515,"date":"2022-03-30T22:10:30","date_gmt":"2022-03-31T04:10:30","guid":{"rendered":"http:\/\/lamendigapolitica.com\/?p=72515"},"modified":"2022-03-30T22:10:30","modified_gmt":"2022-03-31T04:10:30","slug":"bruce-willis-se-retira-de-la-actuacion-por-problema-de-salud","status":"publish","type":"post","link":"https:\/\/lamendigapolitica.com\/?p=72515","title":{"rendered":"Bruce Willis se retira de la actuaci\u00f3n por problema de salud"},"content":{"rendered":"<p><img loading=\"lazy\" decoding=\"async\" class=\"aligncenter size-full wp-image-72516\" src=\"https:\/\/lamendigapolitica.com\/blog\/wp-content\/uploads\/2022\/03\/121.jpeg\" alt=\"\" width=\"1000\" height=\"740\" \/><\/p>\n<p>AP.\u2014 Bruce Willis se retir\u00f3 de la actuaci\u00f3n luego de que le demostraron afasia, una condici\u00f3n que caus\u00f3 la p\u00e9rdida de la capacidad de comprender o expresar el habla, anunci\u00f3 su familia el mi\u00e9rcoles.<\/p>\n<p>En un comunicado publicado en la cuenta de Instagram de Willis, la familia del actor de 67 a\u00f1os dijo que Willis fue diagnosticado recientemente con afasia y que la enfermedad est\u00e1 desarrollandodo sus habilidades cognitivas.<!--more--><\/p>\n<p>\u201cComo resultado de esto y con mucha consideraci\u00f3n, Bruce se retir\u00f3 de la carrera que ha significado tanto para \u00e9l\u201d, dice el comunicado firmado por la esposa de Willis, Emma Heming Willis, su exesposa Demi Moore y sus cinco hijas, Rumer, Scout , Tallulah, Mabel y Evelyn.<\/p>\n<p>\u201cEstamos pasando como una unidad familiar fuerte, y quer\u00edamos informar a sus fans porque sabemos cu\u00e1nto significa \u00e9l para ustedes, como lo significan ustedes para \u00e9l\u201d, dijo. \u201cComo siempre dice Bruce, &#8216;disfruta de la vida&#8217;, y juntos planeamos hacer precisamente eso\u201d.<\/p>\n<p>La afasia generalmente ocurre despu\u00e9s de un accidente cerebrovascular o una lesi\u00f3n en la cabeza, pero tambi\u00e9n puede desarrollarse gradualmente debido a un tumor cerebral de crecimiento lento o una enfermedad que causa da\u00f1o degenerativo. Se trata principalmente con terapia de lenguaje y aprendizaje de medios de comunicaci\u00f3n no verbal.<\/p>\n<p>La noticia sobre Willis, uno de los actores m\u00e1s queridos de Hollywood, se difundi\u00f3 inmediatamente en l\u00ednea mientras los fan\u00e1ticos reaccionaban. Su carrera de cuatro d\u00e9cadas ha generado m\u00e1s de 5.000 millones de d\u00f3lares en la taquilla mundial.<\/p>\n<p>Willis trabaj\u00f3 constante y frecuentemente. Reconocido por pel\u00edculas como \u201cDie Hard\u201d (\u201cDuro de matar\u201d), \u201cPulp Fiction\u201d (\u201cTiempos violentos\u201d) y \u201cThe Sixth Sense\u201d (\u201cEl sexto sentido\u201d), Willis ha producido en los \u00faltimos a\u00f1os thrillers que fueron dirigir un video. El a\u00f1o pasado protagoniz\u00f3 la asombrosa cantidad de ocho pel\u00edculas. La mayor\u00eda se estrenaron sin gran fanfarria, como \u201cCosmic Sin\u201d (\u201cInvasi\u00f3n c\u00f3smica\u201d), \u201cOut of Death\u201d (\u201cSin escapatoria\u201d) y \u201cDeadlock\u201d.<\/p>\n<p>M\u00e1s recientemente, Willis protagoniz\u00f3 \u201cGasoline Alley\u201d y \u201cA Day to Die\u201d, estrenadas a principios de marzo. El actor ya film\u00f3 al menos seis pel\u00edculas que se estrenar\u00e1n en 2022 y 2023, incluidas \u201cDie Like Lovers\u201d, \u201cCorrective Measures\u201d y \u201cThe Wrong Place\u201d.<\/p>\n","protected":false},"excerpt":{"rendered":"<p>AP.\u2014 Bruce Willis se retir\u00f3 de la actuaci\u00f3n luego de que le demostraron afasia, una condici\u00f3n que caus\u00f3 la p\u00e9rdida de la capacidad de comprender o expresar el habla, anunci\u00f3 su familia el mi\u00e9rcoles. En un comunicado publicado en la cuenta de Instagram de Willis, la familia del actor de 67 a\u00f1os dijo que Willis &hellip; <\/p>\n<p><a class=\"more-link btn\" href=\"https:\/\/lamendigapolitica.com\/?p=72515\">Seguir leyendo<\/a><\/p>\n","protected":false},"author":1,"featured_media":0,"comment_status":"open","ping_status":"closed","sticky":false,"template":"","format":"standard","meta":{"footnotes":""},"categories":[26,36,31,29,22],"tags":[],"class_list":["post-72515","post","type-post","status-publish","format-standard","hentry","category-cultura","category-espectaculos","category-internacional","category-salud","category-sociales","item-wrap"],"_links":{"self":[{"href":"https:\/\/lamendigapolitica.com\/index.php?rest_route=\/wp\/v2\/posts\/72515","targetHints":{"allow":["GET"]}}],"collection":[{"href":"https:\/\/lamendigapolitica.com\/index.php?rest_route=\/wp\/v2\/posts"}],"about":[{"href":"https:\/\/lamendigapolitica.com\/index.php?rest_route=\/wp\/v2\/types\/post"}],"author":[{"embeddable":true,"href":"https:\/\/lamendigapolitica.com\/index.php?rest_route=\/wp\/v2\/users\/1"}],"replies":[{"embeddable":true,"href":"https:\/\/lamendigapolitica.com\/index.php?rest_route=%2Fwp%2Fv2%2Fcomments&post=72515"}],"version-history":[{"count":1,"href":"https:\/\/lamendigapolitica.com\/index.php?rest_route=\/wp\/v2\/posts\/72515\/revisions"}],"predecessor-version":[{"id":72517,"href":"https:\/\/lamendigapolitica.com\/index.php?rest_route=\/wp\/v2\/posts\/72515\/revisions\/72517"}],"wp:attachment":[{"href":"https:\/\/lamendigapolitica.com\/index.php?rest_route=%2Fwp%2Fv2%2Fmedia&parent=72515"}],"wp:term":[{"taxonomy":"category","embeddable":true,"href":"https:\/\/lamendigapolitica.com\/index.php?rest_route=%2Fwp%2Fv2%2Fcategories&post=72515"},{"taxonomy":"post_tag","embeddable":true,"href":"https:\/\/lamendigapolitica.com\/index.php?rest_route=%2Fwp%2Fv2%2Ftags&post=72515"}],"curies":[{"name":"wp","href":"https:\/\/api.w.org\/{rel}","templated":true}]}}