{"id":72488,"date":"2022-03-28T20:02:05","date_gmt":"2022-03-29T02:02:05","guid":{"rendered":"http:\/\/lamendigapolitica.com\/?p=72488"},"modified":"2022-03-28T20:02:05","modified_gmt":"2022-03-29T02:02:05","slug":"celebra-jalisco-los-100-anos-del-muralismo-en-mexico","status":"publish","type":"post","link":"https:\/\/lamendigapolitica.com\/?p=72488","title":{"rendered":"Celebra Jalisco los 100 a\u00f1os del Muralismo en M\u00e9xico"},"content":{"rendered":"<p><img loading=\"lazy\" decoding=\"async\" class=\"aligncenter size-full wp-image-72489\" src=\"https:\/\/lamendigapolitica.com\/blog\/wp-content\/uploads\/2022\/03\/51967608519_853e3df669_c.jpg\" alt=\"\" width=\"800\" height=\"533\" \/><\/p>\n<p>La Secretar\u00eda de Cultura de Jalisco, el Museo Caba\u00f1as y MEG ofrecen un programa con actividades a lo largo de un a\u00f1o<\/p>\n<p>-\u00c9stas incluyen 4 exposiciones, 2 programas acad\u00e9micos, una sala multisensorial, un libro y una gu\u00eda, actividades de mediaci\u00f3n y formaci\u00f3n, as\u00ed como recorridos peatonales y en bicicleta<br \/>\n-La Capilla Mayor del Museo Caba\u00f1as, donde se encuentra una de las obras m\u00e1s emblem\u00e1ticas de Jos\u00e9 Clemente Orozco, fue sede de la presentaci\u00f3n del programa de actividades que, a lo largo de un a\u00f1o, realizar\u00e1 la Secretar\u00eda de Cultura del Jalisco (SC) para la \u201cCelebraci\u00f3n en Jalisco de los 100 a\u00f1os del Muralismo en M\u00e9xico\u201d, el cual contempla foros acad\u00e9micos, exposiciones, publicaciones y una serie de recorridos por los sitios donde se encuentran los murales m\u00e1s representativos del AMG.<!--more--><\/p>\n<p>Al hablar sobre la importancia de conmemorar el centenario del movimiento pict\u00f3rico m\u00e1s trascendente del siglo XX, la Coordinadora Anna B\u00e1rbara Casillas record\u00f3 que Jalisco fue parte esencial desde el inicio del muralismo, por ello \u00e9sta celebraci\u00f3n permitir\u00e1 \u201cresaltar y visibilizar la valiosa labor de los artistas que encumbraron este movimiento pol\u00edtico tan importante, una de las reflexiones imprescindibles que nos ha dejado este movimiento es que a pesar de que muchas mujeres participaron en \u00e9l su obra y aportaciones han permanecido lejos de los reflectores e invisibilizadas\u201d.<\/p>\n<p>Por su parte, Lourdes Gonz\u00e1lez P\u00e9rez present\u00f3 una gu\u00eda biling\u00fce conmemorativa que propone tres rutas para conocer distintos murales en la ciudad: \u201cRuta Centro\u201d, \u201cRuta Agua Azul\u201d y \u201cRuta de Glorieta La Normal\u201d, las cuales se podr\u00e1n recorrer a pie o en bicicleta.<\/p>\n<p>Precis\u00f3 que se imprimieron 3 mil ejemplares de esta edici\u00f3n que estar\u00e1 a la venta a partir de esta semana de Pascua.<\/p>\n<p>Tambi\u00e9n adelant\u00f3 que a finales del a\u00f1o se publicar\u00e1 el libro conmemorativo del muralismo en Jalisco el que, adem\u00e1s de las obras plasmadas en el AMG, se incluyen estudios sobre murales en municipios del estado, en la pluma de distintos investigadores e investigadoras contempor\u00e1neas, que hablar\u00e1n de los inicios del movimiento en el estado, hasta su influencia en la pl\u00e1stica contempor\u00e1nea, as\u00ed como de la presencia, y tambi\u00e9n de la ausencia, de las mujeres en este movimiento art\u00edstico.<\/p>\n<p>Los puntos de venta de las ediciones ser\u00e1n el Museo Caba\u00f1as, los recintos de MEG y ArtLecta, Impronta, Demetria, ESARQ, Gonvill y Arquitect\u00f3nica. En este \u00faltimo punto se realizan ventas en l\u00ednea y env\u00edos para todo el mundo.<\/p>\n<p>Susana Ch\u00e1vez Brandon, Directora del Museo Caba\u00f1as y coordinadora de la conmemoraci\u00f3n por los 100 a\u00f1os del Muralismo en M\u00e9xico, destac\u00f3 que el Museo Caba\u00f1as, como recinto m\u00e1s emblem\u00e1tico del movimiento en Jalisco, se suma a esta celebraci\u00f3n nacional, con actividades de formaci\u00f3n, tres exposiciones de Jos\u00e9 Clemente Orozco, David Alfaro Siqueiros y Mar\u00eda Izquierdo, as\u00ed como una sala multisensorial y paseos ciclistas, entre otras actividades.<\/p>\n<p>Exposiciones, activaciones y programa acad\u00e9mico<\/p>\n<p>Para una mejor comprensi\u00f3n de la ideolog\u00eda que consolid\u00f3 este movimiento y para conocer a sus principales autores, la Direcci\u00f3n de Patrimonio SC organiza el \u201cColoquio a 100 a\u00f1os del muralismo mexicano\u201d, conformado por 10 conferencias con ponentes de talla nacional e internacional, que se llevar\u00e1 a cabo el jueves 12 de mayo, a partir de las 10:00 horas en la Capilla Tols\u00e1 del Museo Caba\u00f1as y de manera virtual en vivo por el Facebook @CulturaJalisco<\/p>\n<p>A partir del 2 de julio el Museo Caba\u00f1as exhibir\u00e1 \u201cApoderarse de todos los muros: anteproyectos de Jos\u00e9 Clemente Orozco\u201d, la muestra m\u00e1s grande de bocetos del jalisciense, integrada por 221 piezas y que por primera vez se mostrar\u00e1n en su totalidad al p\u00fablico. La exhibici\u00f3n se realiza con un est\u00edmulo econ\u00f3mico de EFIARTES.<\/p>\n<p>En la parte acad\u00e9mica se realizar\u00e1 de julio a noviembre, una serie de conferencias y conversatorios, coordinados por Dafne Cruz Porchini, que tienen como objetivo hacer una revisi\u00f3n de la obra de Jos\u00e9 Clemente Orozco y promover reflexiones cr\u00edticas sobre su producci\u00f3n art\u00edstica.<\/p>\n<p>Adem\u00e1s las actividades alrededor de \u201cApoderarse de todos los muros\u201d, contemplan la creaci\u00f3n de grupos de estudios y un ciclo de seminarios-taller, una acci\u00f3n perform\u00e1tica, caminatas y recorridos ciclistas por los diversos recintos que albergan la obra de Orozco y un rally para para ni\u00f1as, ni\u00f1os y j\u00f3venes.<\/p>\n<p>Otra de las exposiciones que tendr\u00e1 el Museo Caba\u00f1as es \u201cDavid Alfaro Siqueiros: La construcci\u00f3n de lo p\u00fablico\u201d, que estar\u00e1 a partir del 27 de agosto y que muestra los procedimientos constructivos o geom\u00e9tricos que fueron piedra angular para la consolidaci\u00f3n de una propuesta pict\u00f3rica cimentada en la funci\u00f3n p\u00fablica del arte.<\/p>\n<p>Por otra parte y abonando a la reflexi\u00f3n sobre la falta de espacios para las mujeres muralistas, a pesar de que siempre han sido activos fundamentales para la historia del pa\u00eds, el Museo Caba\u00f1as tendr\u00e1 la exposici\u00f3n \u201cMar\u00eda Izquierdo: sue\u00f1o y presentimiento\u201d, que se inaugurar\u00e1 el 10 de septiembre y que revisar\u00e1 los aspectos centrales de su trayectoria, de su lenguaje pict\u00f3rico y de su ardua batalla para conseguir visibilidad y reconocimiento p\u00fablico como mujer creadora en el decenio de los a\u00f1os treinta y cuarenta del siglo pasado.<\/p>\n<p>Finalmente el 28 de abril ser\u00e1 la apertura de la sala \u201cSer fuego. Muralismo Multisensorial\u201d, un espacio accesible para personas con distintos tipos de discapacidad, equipado con material para ser percibido por los cinco sentidos, ofreciendo una experiencia ampliada y multimodal por medio de instalaciones escult\u00f3ricas con material t\u00e1ctil en relieve, placas t\u00e1ctiles, sensores de movimiento, audiodescripciones, mapping, esculturas interactivas, videos y fotograf\u00edas.<\/p>\n<p>Por su parte MEG Jalisco enriquece el programa destacando el trabajo del muralista jalisciense Gabriel Flores Garc\u00eda, con una exposici\u00f3n en el Ex Convento del Carmen, que ser\u00e1 inaugurada el lunes 1 de agosto y adentrar\u00e1 al p\u00fablico en la obra de este artista a trav\u00e9s del estudio de los rasgos que caracterizaron su obra, junto con aquellos dibujos, acuarelas y obras de caballete, que sirvan de referencia para alcanzar una mejor comprensi\u00f3n de su legado art\u00edstico.<\/p>\n<p>Para Saber M\u00e1s<\/p>\n<p>El programa completo de actividades se dar\u00e1 a conocer de manera oportuna a trav\u00e9s de los canales oficiales y redes sociales de la Secretar\u00eda de Cultura, MEG Jalisco y el Museo Caba\u00f1as.<\/p>\n","protected":false},"excerpt":{"rendered":"<p>La Secretar\u00eda de Cultura de Jalisco, el Museo Caba\u00f1as y MEG ofrecen un programa con actividades a lo largo de un a\u00f1o -\u00c9stas incluyen 4 exposiciones, 2 programas acad\u00e9micos, una sala multisensorial, un libro y una gu\u00eda, actividades de mediaci\u00f3n y formaci\u00f3n, as\u00ed como recorridos peatonales y en bicicleta -La Capilla Mayor del Museo Caba\u00f1as, &hellip; <\/p>\n<p><a class=\"more-link btn\" href=\"https:\/\/lamendigapolitica.com\/?p=72488\">Seguir leyendo<\/a><\/p>\n","protected":false},"author":1,"featured_media":0,"comment_status":"open","ping_status":"closed","sticky":false,"template":"","format":"standard","meta":{"footnotes":""},"categories":[26,36,20,22,24],"tags":[],"class_list":["post-72488","post","type-post","status-publish","format-standard","hentry","category-cultura","category-espectaculos","category-gobierno","category-sociales","category-turismo","item-wrap"],"_links":{"self":[{"href":"https:\/\/lamendigapolitica.com\/index.php?rest_route=\/wp\/v2\/posts\/72488","targetHints":{"allow":["GET"]}}],"collection":[{"href":"https:\/\/lamendigapolitica.com\/index.php?rest_route=\/wp\/v2\/posts"}],"about":[{"href":"https:\/\/lamendigapolitica.com\/index.php?rest_route=\/wp\/v2\/types\/post"}],"author":[{"embeddable":true,"href":"https:\/\/lamendigapolitica.com\/index.php?rest_route=\/wp\/v2\/users\/1"}],"replies":[{"embeddable":true,"href":"https:\/\/lamendigapolitica.com\/index.php?rest_route=%2Fwp%2Fv2%2Fcomments&post=72488"}],"version-history":[{"count":1,"href":"https:\/\/lamendigapolitica.com\/index.php?rest_route=\/wp\/v2\/posts\/72488\/revisions"}],"predecessor-version":[{"id":72490,"href":"https:\/\/lamendigapolitica.com\/index.php?rest_route=\/wp\/v2\/posts\/72488\/revisions\/72490"}],"wp:attachment":[{"href":"https:\/\/lamendigapolitica.com\/index.php?rest_route=%2Fwp%2Fv2%2Fmedia&parent=72488"}],"wp:term":[{"taxonomy":"category","embeddable":true,"href":"https:\/\/lamendigapolitica.com\/index.php?rest_route=%2Fwp%2Fv2%2Fcategories&post=72488"},{"taxonomy":"post_tag","embeddable":true,"href":"https:\/\/lamendigapolitica.com\/index.php?rest_route=%2Fwp%2Fv2%2Ftags&post=72488"}],"curies":[{"name":"wp","href":"https:\/\/api.w.org\/{rel}","templated":true}]}}