{"id":72465,"date":"2022-03-25T22:20:00","date_gmt":"2022-03-26T04:20:00","guid":{"rendered":"http:\/\/lamendigapolitica.com\/?p=72465"},"modified":"2022-03-25T22:20:00","modified_gmt":"2022-03-26T04:20:00","slug":"inauguran-en-etzatlan-el-cielo-tejido-mas-grande-del-mundo","status":"publish","type":"post","link":"https:\/\/lamendigapolitica.com\/?p=72465","title":{"rendered":"Inauguran en Etzatl\u00e1n el cielo tejido m\u00e1s grande del mundo"},"content":{"rendered":"<p><img loading=\"lazy\" decoding=\"async\" class=\"aligncenter size-full wp-image-72466\" src=\"https:\/\/lamendigapolitica.com\/blog\/wp-content\/uploads\/2022\/03\/48963943757_0c9414656c_b.jpg\" alt=\"\" width=\"720\" height=\"960\" srcset=\"https:\/\/lamendigapolitica.com\/wp-content\/uploads\/2022\/03\/48963943757_0c9414656c_b.jpg 720w, https:\/\/lamendigapolitica.com\/wp-content\/uploads\/2022\/03\/48963943757_0c9414656c_b-225x300.jpg 225w, https:\/\/lamendigapolitica.com\/wp-content\/uploads\/2022\/03\/48963943757_0c9414656c_b-555x740.jpg 555w\" sizes=\"auto, (max-width: 720px) 100vw, 720px\" \/><\/p>\n<p>&#8211; El tejido est\u00e1 elaborado con rafia y mide alrededor de 8 mil metros cuadrados que cubren las calles principales del municipio de Etzatl\u00e1n, en Jalisco<br \/>\n&#8211; Esta iniciativa impulsar\u00e1 el turismo y la derrama econ\u00f3mica en la regi\u00f3n Valles de Jalisco<\/p>\n<p>La Secretar\u00eda de Desarrollo Econ\u00f3mico (Sedeco), la Secretar\u00eda de Turismo (Secturjal) y la Secretar\u00eda de Cultura inauguraron el cielo tejido m\u00e1s grande del mundo, elaborado por las manos de 199 mujeres y un hombre artesano.<\/p>\n<p>El proyecto del Cielo Tejido, que cuelga en las calles del municipio de Etzatl\u00e1n, Jalisco, naci\u00f3 en 2017 cuando la se\u00f1ora Mar\u00eda Concepci\u00f3n Siordia God\u00ednez, conocida como Paloma Ron, y su hija Damiana Lorena, elaboraron carpetas de rafia en honor al Se\u00f1or de la Misericordia, a quien se le dedican las fiestas patronales durante octubre.<!--more--><\/p>\n<p>En este a\u00f1o, las y el tejedor elaboraron carpetas con una extensi\u00f3n de m\u00e1s de 8 mil metros cuadrados que adornar\u00e1n las calles de Etzatl\u00e1n este mes.<\/p>\n<p>\u00abVenimos a reconocer el talento y el esfuerzo de las m\u00e1s de 24 mil horas de trabajo de cientos de personas tejedoras, especialmente mujeres, mismas que nos re\u00fanen este d\u00eda para admirar el cielo de colores que hoy cobija al municipio de Etzatl\u00e1n: el cielo tejido m\u00e1s grande del mundo\u00bb, coment\u00f3 la secretaria de Turismo de Jalisco, Vanessa P\u00e9rez Lamas, en representaci\u00f3n del Gobernador Enrique Alfaro Ram\u00edrez.<\/p>\n<p>A\u00f1adi\u00f3 que esta creaci\u00f3n demuestra que la uni\u00f3n de una comunidad talentosa logra grandes proyectos, que permiten impulsar el turismo en la regi\u00f3n y que a la fecha ha cuadruplicado el n\u00famero de visitantes, de acuerdo con el presidente municipal de Etzatl\u00e1n, Mario Camarena Gonz\u00e1lez Rubio.<\/p>\n<p>Por su parte, el Secretario de Desarrollo Econ\u00f3mico de Jalisco, Roberto Arechederra Pacheco, dijo que proyectos como este no solo construyen comunidad, tambi\u00e9n son una muestra del talento artesanal de nuestro estado que impulsan el turismo y la derrama econ\u00f3mica en el municipio y el estado.<\/p>\n<p>\u00abLa uni\u00f3n de los habitantes de un municipio puede hacer la diferencia, Etzatl\u00e1n es un ejemplo de esto, 199 tejedora y un tejedor lograron hacer una muestra artesanal un todo mundo puede admirar, generaron turismo, de hecho lo cuadruplicaron y generaron con ello la posibilidad de derrama econ\u00f3mica adicional\u00bb.<\/p>\n<p>\u00abEs una muestra que el arte, la artesan\u00eda y sobre todo el trabajo en unidad, puede generar desarrollo econ\u00f3mico y mucho m\u00e1s empleo y una comunidad, como en este caso Etzatl\u00e1n\u00bb, comparti\u00f3 Arechederra Pacheco.<\/p>\n<p>En el evento estuvo presente, adem\u00e1s, la secretaria de Cultura de Jalisco, Lourdes Ariadna Gonz\u00e1lez P\u00e9rez.<\/p>\n<p>Las tejedoras de Etzatl\u00e1n rompieron en 2019 el R\u00e9cord Guinness con el pabell\u00f3n de tejido m\u00e1s grande del mundo, que midi\u00f3 2 mil 832.98 kil\u00f3metros cuadrados.<\/p>\n<p>El a\u00f1o pasado, las tejedoras y el tejedor de Etzatl\u00e1n tejieron 900 metros cuadrados, para ser colocado en el pabell\u00f3n de M\u00e9xico en la Expo de Dub\u00e1i.<\/p>\n","protected":false},"excerpt":{"rendered":"<p>&#8211; El tejido est\u00e1 elaborado con rafia y mide alrededor de 8 mil metros cuadrados que cubren las calles principales del municipio de Etzatl\u00e1n, en Jalisco &#8211; Esta iniciativa impulsar\u00e1 el turismo y la derrama econ\u00f3mica en la regi\u00f3n Valles de Jalisco La Secretar\u00eda de Desarrollo Econ\u00f3mico (Sedeco), la Secretar\u00eda de Turismo (Secturjal) y la &hellip; <\/p>\n<p><a class=\"more-link btn\" href=\"https:\/\/lamendigapolitica.com\/?p=72465\">Seguir leyendo<\/a><\/p>\n","protected":false},"author":1,"featured_media":0,"comment_status":"open","ping_status":"closed","sticky":false,"template":"","format":"standard","meta":{"footnotes":""},"categories":[42,26,36,45,20,22,24],"tags":[],"class_list":["post-72465","post","type-post","status-publish","format-standard","hentry","category-clima","category-cultura","category-espectaculos","category-featured","category-gobierno","category-sociales","category-turismo","item-wrap"],"_links":{"self":[{"href":"https:\/\/lamendigapolitica.com\/index.php?rest_route=\/wp\/v2\/posts\/72465","targetHints":{"allow":["GET"]}}],"collection":[{"href":"https:\/\/lamendigapolitica.com\/index.php?rest_route=\/wp\/v2\/posts"}],"about":[{"href":"https:\/\/lamendigapolitica.com\/index.php?rest_route=\/wp\/v2\/types\/post"}],"author":[{"embeddable":true,"href":"https:\/\/lamendigapolitica.com\/index.php?rest_route=\/wp\/v2\/users\/1"}],"replies":[{"embeddable":true,"href":"https:\/\/lamendigapolitica.com\/index.php?rest_route=%2Fwp%2Fv2%2Fcomments&post=72465"}],"version-history":[{"count":1,"href":"https:\/\/lamendigapolitica.com\/index.php?rest_route=\/wp\/v2\/posts\/72465\/revisions"}],"predecessor-version":[{"id":72467,"href":"https:\/\/lamendigapolitica.com\/index.php?rest_route=\/wp\/v2\/posts\/72465\/revisions\/72467"}],"wp:attachment":[{"href":"https:\/\/lamendigapolitica.com\/index.php?rest_route=%2Fwp%2Fv2%2Fmedia&parent=72465"}],"wp:term":[{"taxonomy":"category","embeddable":true,"href":"https:\/\/lamendigapolitica.com\/index.php?rest_route=%2Fwp%2Fv2%2Fcategories&post=72465"},{"taxonomy":"post_tag","embeddable":true,"href":"https:\/\/lamendigapolitica.com\/index.php?rest_route=%2Fwp%2Fv2%2Ftags&post=72465"}],"curies":[{"name":"wp","href":"https:\/\/api.w.org\/{rel}","templated":true}]}}