{"id":72355,"date":"2022-03-15T22:39:39","date_gmt":"2022-03-16T04:39:39","guid":{"rendered":"http:\/\/lamendigapolitica.com\/?p=72355"},"modified":"2022-03-15T22:39:39","modified_gmt":"2022-03-16T04:39:39","slug":"orozco-metafisico-experiencia-inmersiva-de-un-arte-confrontativo","status":"publish","type":"post","link":"https:\/\/lamendigapolitica.com\/?p=72355","title":{"rendered":"\u201cOrozco Metaf\u00edsico\u201d, experiencia inmersiva de un arte confrontativo"},"content":{"rendered":"<p>&nbsp;<\/p>\n<p><img loading=\"lazy\" decoding=\"async\" class=\"aligncenter size-large wp-image-72356\" src=\"https:\/\/lamendigapolitica.com\/blog\/wp-content\/uploads\/2022\/03\/orozco-1024x681.jpg\" alt=\"\" width=\"555\" height=\"369\" srcset=\"https:\/\/lamendigapolitica.com\/wp-content\/uploads\/2022\/03\/orozco-1024x681.jpg 1024w, https:\/\/lamendigapolitica.com\/wp-content\/uploads\/2022\/03\/orozco-300x200.jpg 300w, https:\/\/lamendigapolitica.com\/wp-content\/uploads\/2022\/03\/orozco-768x511.jpg 768w, https:\/\/lamendigapolitica.com\/wp-content\/uploads\/2022\/03\/orozco-555x369.jpg 555w, https:\/\/lamendigapolitica.com\/wp-content\/uploads\/2022\/03\/orozco.jpg 1100w\" sizes=\"auto, (max-width: 555px) 100vw, 555px\" \/><\/p>\n<p>El MUSA presenta muestra de video mapping y cronolog\u00eda de bocetos de los murales de Jos\u00e9 Clemente Orozco, del 11 de marzo al 29 de mayo<\/p>\n<p>El fuego, la guerra, las m\u00e1quinas, la muerte. Jos\u00e9 Clemente Orozco buscaba ser inc\u00f3modo en sus pinturas para mostrar su rechazo a la guerra, la explotaci\u00f3n de los pueblos y los dogmas ideol\u00f3gicos que imperaban en su tiempo.<!--more--><\/p>\n<p>Los detalles de los dram\u00e1ticos personajes que integran sus murales El hombre creador y rebelde y El pueblo y sus falsos l\u00edderes (que cre\u00f3 en 1935 en el Paraninfo Enrique D\u00edaz de Le\u00f3n) se pueden admirar en la muestra Orozco Metaf\u00edsico, del Museo de Artes (MUSA) de la Universidad de Guadalajara.<\/p>\n<p>Es un video mapping de experiencia inmersiva, en la que los visitantes podr\u00e1n resignificar el arte del pintor originario de Zapotl\u00e1n el Grande, Jalisco.<\/p>\n<p>Esto, mediante animaciones de fotograf\u00edas de gran calidad de las escenas del mural, mismas que fueron capturadas durante la restauraci\u00f3n efectuada en 2017.<\/p>\n<p>\u201cAqu\u00ed mostramos detalles que nunca ves, como los murales de los portales en el tambor de la c\u00fapula (del Paraninfo), que te llevan a otra dimensi\u00f3n. Ponemos a disposici\u00f3n de nuestros visitantes estOS elementos para que vuelvan a enteros esos murales con ojos renovados\u201d, dijo Laura Ayala, la curadora de la muestra.<\/p>\n<p>Dicha exposici\u00f3n, que estar\u00e1 del 11 de marzo al 29 de mayo, ya se hab\u00eda presentado con anterioridad en LA Art Show, la feria de arte m\u00e1s importante de California, as\u00ed como en el propio MUSA, en 2018.<\/p>\n<p>Para esta ocasi\u00f3n se realiz\u00f3 una remasterizaci\u00f3n y se sofisticaron las animaciones con m\u00e1s capas, que son proyectadas en un cuarto oscuro al interior de una de las salas.<\/p>\n<p>En la experiencia, la m\u00fasica va acompa\u00f1ada de los trazos de los murales, que aparecen como espectros que invaden los cuerpos de quienes entran a la sala oscura.<\/p>\n<p>La sensaci\u00f3n es dram\u00e1tica y va acorde con la narrativa de la obra del artista, que parte desde la aparici\u00f3n de la rebeli\u00f3n de una horda de hombres contra quienes intentan adoctrinarlos, hasta las diferentes fases del hombre creador y rebelde.<\/p>\n<p>\u201cEsto se hizo con mucho respeto, estuvimos con los animadores viendo c\u00f3mo se pod\u00edan hacer las transiciones, si se le pon\u00eda m\u00e1s movimiento a elementos, y a los personajes un poco m\u00e1s est\u00e1ticos. Quisimos que en la obra no se caricaturizaran\u201d, indic\u00f3.<\/p>\n<p>Adem\u00e1s de la proyecci\u00f3n, en otra sala se exhiben 16 facs\u00edmiles de bocetos de los murales de Orozco que se encuentran en M\u00e9xico y Estados Unidos.<\/p>\n<p>A decir de la curadora, este es el resultado de gestiones con instituciones y due\u00f1os de las obras originales, quienes dieron los permisos de reproducci\u00f3n.<\/p>\n<p>\u201cAunque es una exposici\u00f3n peque\u00f1a, lleva mucho trabajo de gesti\u00f3n e investigaci\u00f3n\u201d, explic\u00f3.<\/p>\n<p>Previo a la apertura de Orozco Metaf\u00edsico, Laura Ayala imparti\u00f3 la charla \u201cOrozco. Genio y figuras\u201d, en el Paraninfo Enrique D\u00edaz de Le\u00f3n, la noche de este jueves.<\/p>\n<p>Con la compa\u00f1\u00eda de los murales del pintor jalisciense se cont\u00f3 sobre su vida y c\u00f3mo fue evolucionando su arte mural en distintas latitudes, como Ciudad de M\u00e9xico, Jiquilpan, Guadalajara o en California, Estados Unidos.<\/p>\n<p>Adem\u00e1s, se describi\u00f3 a los personajes que Orozco pintaba, que ten\u00edan que ver con h\u00e9roes, semidioses, profetas, as\u00ed como hombres y mujeres moralmente envilecidos, situados en momentos hist\u00f3ricos, ut\u00f3picos o m\u00edticos.<\/p>\n<p>\u201cOrozco consideraba que el artista deber\u00eda hacer una contribuci\u00f3n universal intelectual y sentimental, que no se le deben imponer las modalidades locales y pasajeras\u201d, dijo Laura Ayala en su ponencia, ante el p\u00fablico asistente.<\/p>\n<p>Dicha muestra y charlas forman parte de los festejos que el MUSA realiza en el marco de este 2022, A\u00f1o del Muralismo Mexicano, debido a que se cumple el primer centenario del nacimiento de dicha corriente art\u00edstica.<\/p>\n<p>&nbsp;<\/p>\n","protected":false},"excerpt":{"rendered":"<p>&nbsp; El MUSA presenta muestra de video mapping y cronolog\u00eda de bocetos de los murales de Jos\u00e9 Clemente Orozco, del 11 de marzo al 29 de mayo El fuego, la guerra, las m\u00e1quinas, la muerte. Jos\u00e9 Clemente Orozco buscaba ser inc\u00f3modo en sus pinturas para mostrar su rechazo a la guerra, la explotaci\u00f3n de los &hellip; <\/p>\n<p><a class=\"more-link btn\" href=\"https:\/\/lamendigapolitica.com\/?p=72355\">Seguir leyendo<\/a><\/p>\n","protected":false},"author":1,"featured_media":0,"comment_status":"open","ping_status":"closed","sticky":false,"template":"","format":"standard","meta":{"footnotes":""},"categories":[26,28,36,22,24],"tags":[],"class_list":["post-72355","post","type-post","status-publish","format-standard","hentry","category-cultura","category-educacion","category-espectaculos","category-sociales","category-turismo","item-wrap"],"_links":{"self":[{"href":"https:\/\/lamendigapolitica.com\/index.php?rest_route=\/wp\/v2\/posts\/72355","targetHints":{"allow":["GET"]}}],"collection":[{"href":"https:\/\/lamendigapolitica.com\/index.php?rest_route=\/wp\/v2\/posts"}],"about":[{"href":"https:\/\/lamendigapolitica.com\/index.php?rest_route=\/wp\/v2\/types\/post"}],"author":[{"embeddable":true,"href":"https:\/\/lamendigapolitica.com\/index.php?rest_route=\/wp\/v2\/users\/1"}],"replies":[{"embeddable":true,"href":"https:\/\/lamendigapolitica.com\/index.php?rest_route=%2Fwp%2Fv2%2Fcomments&post=72355"}],"version-history":[{"count":1,"href":"https:\/\/lamendigapolitica.com\/index.php?rest_route=\/wp\/v2\/posts\/72355\/revisions"}],"predecessor-version":[{"id":72357,"href":"https:\/\/lamendigapolitica.com\/index.php?rest_route=\/wp\/v2\/posts\/72355\/revisions\/72357"}],"wp:attachment":[{"href":"https:\/\/lamendigapolitica.com\/index.php?rest_route=%2Fwp%2Fv2%2Fmedia&parent=72355"}],"wp:term":[{"taxonomy":"category","embeddable":true,"href":"https:\/\/lamendigapolitica.com\/index.php?rest_route=%2Fwp%2Fv2%2Fcategories&post=72355"},{"taxonomy":"post_tag","embeddable":true,"href":"https:\/\/lamendigapolitica.com\/index.php?rest_route=%2Fwp%2Fv2%2Ftags&post=72355"}],"curies":[{"name":"wp","href":"https:\/\/api.w.org\/{rel}","templated":true}]}}