{"id":72236,"date":"2022-03-01T17:19:37","date_gmt":"2022-03-01T23:19:37","guid":{"rendered":"http:\/\/lamendigapolitica.com\/?p=72236"},"modified":"2022-03-01T17:19:37","modified_gmt":"2022-03-01T23:19:37","slug":"festival-gdluz-2022-espectaculo-interactivo-y-multimedia-en-el-corazon-de-guadalajara","status":"publish","type":"post","link":"https:\/\/lamendigapolitica.com\/?p=72236","title":{"rendered":"Festival GDLuz 2022, espect\u00e1culo interactivo y multimedia en el coraz\u00f3n de Guadalajara"},"content":{"rendered":"<p>&nbsp;<\/p>\n<p><img loading=\"lazy\" decoding=\"async\" class=\"aligncenter size-full wp-image-72237\" src=\"https:\/\/lamendigapolitica.com\/blog\/wp-content\/uploads\/2022\/03\/51908972102_c799c39987_c.jpg\" alt=\"\" width=\"799\" height=\"533\" srcset=\"https:\/\/lamendigapolitica.com\/wp-content\/uploads\/2022\/03\/51908972102_c799c39987_c.jpg 799w, https:\/\/lamendigapolitica.com\/wp-content\/uploads\/2022\/03\/51908972102_c799c39987_c-300x200.jpg 300w, https:\/\/lamendigapolitica.com\/wp-content\/uploads\/2022\/03\/51908972102_c799c39987_c-768x512.jpg 768w, https:\/\/lamendigapolitica.com\/wp-content\/uploads\/2022\/03\/51908972102_c799c39987_c-555x370.jpg 555w\" sizes=\"auto, (max-width: 799px) 100vw, 799px\" \/><\/p>\n<p>Del 2 al 5 de marzo, a lo largo de 2 kil\u00f3metros del Mercado Corona hasta el Instituto Cultural Caba\u00f1as, las y los asistentes al festival podr\u00e1n disfrutar de videomappings, espect\u00e1culos multimedia, iluminaci\u00f3n ambiental, proyecciones interactivas, m\u00fasica en vivo, instalaciones art\u00edsticas y performance<\/p>\n<p>Por quinto a\u00f1o el Centro Hist\u00f3rico de Guadalajara ser\u00e1 escenario del Festival GDLuz 2022, un evento gratuito de luces, sonido, pirotecnia y muestras art\u00edsticas que se vivir\u00e1 en un ambiente familiar; para cerrar con broche de oro las actividades realizadas con motivo del 480 Aniversario de la Fundaci\u00f3n de la Ciudad.<!--more--><\/p>\n<p>\u201cDespu\u00e9s de dos a\u00f1os muy complejos con motivo de la pandemia (\u2026) durante este festival, del 2 al 5 de marzo, que se celebrar\u00e1 en el Centro Hist\u00f3rico, estamos esperando la asistencia de m\u00e1s de un mill\u00f3n y medio de personas que participar\u00e1n en las distintas actividades\u201d, afirm\u00f3 Pablo Lemus Navarro, Presidente Municipal de Guadalajara.<\/p>\n<p>Se tendr\u00e1n m\u00e1s de 35 atracciones inspiradas en la luz y en esta edici\u00f3n se rendir\u00e1 un homenaje a Don Vicente Fern\u00e1ndez, el Charro de Huentit\u00e1n, en uno de los principales espect\u00e1culos. Su m\u00fasica trascendi\u00f3 fronteras y dio a conocer nuestra cultura y tradiciones como el mariachi, la charrer\u00eda y el tequila, \u00edconos representativos de M\u00e9xico en el mundo.<\/p>\n<p>A lo largo de 2 kil\u00f3metros, del Mercado Corona hasta el Instituto Cultural Caba\u00f1as, las y los asistentes al festival podr\u00e1n disfrutar de videomappings, espect\u00e1culos multimedia, iluminaci\u00f3n ambiental, proyecciones interactivas, m\u00fasica en vivo, instalaciones art\u00edsticas y performance; en un horario de 7:30 a 11:30 pm.<\/p>\n<p>El uso de cubrebocas ser\u00e1 obligatorio y tambi\u00e9n ser\u00e1n distribuidos en los diversos accesos a este festival, as\u00ed como se estar\u00e1 distribuyendo gel antibacterial.<\/p>\n<p>Se contar\u00e1 con seis accesos principales, ubicados en puntos como el Hospicio Caba\u00f1as, Palacio de Gobierno, Paseo Fray Antonio Alcalde y el Mercado Corona.<\/p>\n<p>Las zonas estar\u00e1n divididas de la siguiente forma:<\/p>\n<p>Zona 1. Catedral y Plaza de Armas: 10 espect\u00e1culos entre los que destacan instalaci\u00f3n art\u00edstica de un caballo y rosa colectiva Tecnolite.<\/p>\n<p>Plaza de Armas<\/p>\n<p>Horarios: 7:30 pm, 8:30 pm y 9:30 pm.<br \/>\nTalento art\u00edstico: Rondalla y Estudiantina.<br \/>\nDuraci\u00f3n: Aproximadamente de 20 minutos.<\/p>\n<p>Espect\u00e1culo en Catedral Metropolitana<\/p>\n<p>Horarios: 8:00 pm, 9:00 pm y 10:00 pm.<br \/>\nTalento art\u00edstico: Banda Municipal y Coro Municipal.<br \/>\nDuraci\u00f3n: Aproximadamente de 30 minutos.<\/p>\n<p>Zona 2. Plaza Liberaci\u00f3n: 7 espect\u00e1culos entre los que destacan un show de Agave Multimedia, intervenci\u00f3n en el Templo de San Agust\u00edn e iluminaci\u00f3n landscape, cantante en vivo, entre otros.<\/p>\n<p>Show Agave Multimedia<\/p>\n<p>Horarios: 8:00 pm, 9:00 pm y 10:00 pm.<br \/>\nTalento art\u00edstico: Ballet folcl\u00f3rico, cantante en vivo y DJ &amp; lighting designer.<br \/>\nDuraci\u00f3n: Aproximadamente de 20 minutos.<\/p>\n<p>Zona 3. Paseo Fundadores: 6 espect\u00e1culos entre los que destacan mapping sobre \u00e1rboles, pasillo de luz, instalaci\u00f3n art\u00edstica de estrellas, entre otros.<\/p>\n<p>Horarios: 7:30 pm, 8:30 pm, 9:30 pm y 10:30 pm.<br \/>\nTalento Art\u00edstico: Bandas.<br \/>\nDuraci\u00f3n: Aproximadamente de 25 minutos.<\/p>\n<p>Zona 4. Plaza Tapat\u00eda: 9 espect\u00e1culos entre los que destacan un t\u00fanel de luz Tecnolite, zona ne\u00f3n, iluminaci\u00f3n de la Fuente Quetzalc\u00f3atl, entre otros.<\/p>\n<p>Talento Art\u00edstico: Street Performance.<br \/>\nHorarios: 8:30 pm, 9:30 pm y 10:30 pm.<br \/>\nDuraci\u00f3n: Aproximadamente 15 min.<\/p>\n<p>Zona 5. Paseo Caba\u00f1as y explanada del Hospicio Caba\u00f1as: 7 espect\u00e1culos entre los que destacan un show en la fachada del Instituto Cultural Caba\u00f1as, mapping interactivo, iluminaci\u00f3n en fuente, entre otros.<\/p>\n<p>Horarios: 8:00 pm, 9:00 pm y 10:00 pm.<br \/>\nTalento Art\u00edstico: Mariachi Rock-O.<br \/>\nDuraci\u00f3n: Aproximadamente de 20 minutos.<\/p>\n<p>\u201cEs un honor estar aqu\u00ed para presentarles uno de los eventos que creo que se han vuelto un s\u00edmbolo para la ciudad y estamos muy contentos que est\u00e1 de vuelta GDLuz aqu\u00ed a la ciudad, es un simbolismo creo que es sumamente importante (\u2026), se reanuda con este gran entusiasmo, con estas ganas de salir adelante y que se vuelva a encender la esperanza y la luz de nuestro estado de Jalisco\u201d, asever\u00f3 por su parte Esteban Estrada Ram\u00edrez, Director de la Agencia Estatal de Entretenimiento del Gobierno de Jalisco.<\/p>\n<p>GDLuz 2022 contar\u00e1 con un centro de mando general y cuatro centros de atenci\u00f3n ciudadana distribuidos a lo largo del trayecto, los cuales tendr\u00e1n personal de atenci\u00f3n de emergencias de Servicios M\u00e9dicos, Polic\u00eda Municipal, DIF Guadalajara y Protecci\u00f3n Civil y Bomberos.<\/p>\n<p>Asimismo, se desplegar\u00e1 un estado de fuerza de alrededor de 800 elementos de la Polic\u00eda de Guadalajara, con el apoyo de la Polic\u00eda de Zapopan y Guardia Nacional para las labores de vigilancia y cuidado de las y los ciudadanos.<\/p>\n<p>El transporte p\u00fablico: tren ligero, camiones y Macrob\u00fas, ampliar\u00e1 su horario de operaci\u00f3n hasta la medianoche durante los cuatro d\u00edas del festival.<\/p>\n<p>El cierre de vialidades en los alrededores de Centro Hist\u00f3rico se llevara a cabo a partir del 1 hasta el 5 de marzo, desde las 5:00 pm de la siguiente forma:<\/p>\n<p>Al poniente<\/p>\n<p>Avenida Hidalgo, en su cruce con Gonz\u00e1lez Ortega.<br \/>\nCalle Morelos, en su cruce con Gonz\u00e1lez Ortega.<br \/>\nPedro Moreno, en su cruce con Gonz\u00e1lez Ortega.<br \/>\nAvenida Hidalgo, desde Contreras Medell\u00edn hasta calle Calpulalpan.<\/p>\n<p>Al sur<\/p>\n<p>Desde calle Ju\u00e1rez hasta calle Huerto.<\/p>\n<p>Al norte<\/p>\n<p>Calle Juan Manuel, desde Paseo Fray Antonio Alcalde hasta calle Dr. Baeza.<br \/>\nCalle Independencia, desde Paseo Fray Antonio Alcalde hasta calle Calpulalpan.<br \/>\nCarriles de extrema derecha, desde avenida Rep\u00fablica hasta calle Caba\u00f1as.<\/p>\n<p>\u201cEs muy emocionante para nosotros regresar a esta gran escena como la Catedral, como el Centro Hist\u00f3rico de Guadalajara, donde hemos estado haciendo este proyecto por cuatro a\u00f1os. Esta es la quinta edici\u00f3n y a\u00f1o tras a\u00f1o ha ido creciendo, son cuatro d\u00edas de festival que la gente disfrute, que la gente se asombra, les gener\u00e1bamos un sentido de orgullo, de pertenencia al hacer este espect\u00e1culo inmersivo\u201d, expres\u00f3 por su parte Marcos Aar\u00f3n Jim\u00e9nez Monroy, Director Creativo de GDLuz AlteaCorp.<\/p>\n<p>Algunas recomendaciones para las y los visitantes del Festival GDLuz 2022 son:<\/p>\n<p>1. Comparte tu autom\u00f3vil.<br \/>\n2. Usa transporte p\u00fablico o privado.<br \/>\n3. Revisa el clima.<br \/>\n4. Usa ropa y zapatos c\u00f3modos.<br \/>\n5. Localiza los puntos de reuni\u00f3n.<br \/>\n6. Evita llevar carriolas.<br \/>\n7. Cuida a tus ni\u00f1os y acompa\u00f1antes.<br \/>\n8. Se sugiere iniciar el recorrido en Catedral o por el Instituto Cultural Caba\u00f1as.<br \/>\n8. Camina siempre de tu lado derecho.<br \/>\n9. No uses flash durante los espect\u00e1culos.<br \/>\n10. Regresa la pulsera interactiva y las pelotas al finalizar el show multimedia para que otros puedan vivir la experiencia.<br \/>\n11. Al finalizar los espect\u00e1culos, avanza a las siguientes atracciones.<br \/>\n12. Atiende a las indicaciones de los voluntarios.<br \/>\n13. Cuida tu paso, observa por donde caminas.<br \/>\n14. Evita llevar mascotas.<br \/>\n15. GDLUZ es una experiencia recomendada para ni\u00f1os mayores de 5 a\u00f1os.<br \/>\n16. Visita la p\u00e1gina web y redes sociales oficiales para mayor informaci\u00f3n.<\/p>\n","protected":false},"excerpt":{"rendered":"<p>&nbsp; Del 2 al 5 de marzo, a lo largo de 2 kil\u00f3metros del Mercado Corona hasta el Instituto Cultural Caba\u00f1as, las y los asistentes al festival podr\u00e1n disfrutar de videomappings, espect\u00e1culos multimedia, iluminaci\u00f3n ambiental, proyecciones interactivas, m\u00fasica en vivo, instalaciones art\u00edsticas y performance Por quinto a\u00f1o el Centro Hist\u00f3rico de Guadalajara ser\u00e1 escenario del &hellip; <\/p>\n<p><a class=\"more-link btn\" href=\"https:\/\/lamendigapolitica.com\/?p=72236\">Seguir leyendo<\/a><\/p>\n","protected":false},"author":1,"featured_media":0,"comment_status":"open","ping_status":"closed","sticky":false,"template":"","format":"standard","meta":{"footnotes":""},"categories":[42,26,36,20,22,41,24],"tags":[],"class_list":["post-72236","post","type-post","status-publish","format-standard","hentry","category-clima","category-cultura","category-espectaculos","category-gobierno","category-sociales","category-tecnologia","category-turismo","item-wrap"],"_links":{"self":[{"href":"https:\/\/lamendigapolitica.com\/index.php?rest_route=\/wp\/v2\/posts\/72236","targetHints":{"allow":["GET"]}}],"collection":[{"href":"https:\/\/lamendigapolitica.com\/index.php?rest_route=\/wp\/v2\/posts"}],"about":[{"href":"https:\/\/lamendigapolitica.com\/index.php?rest_route=\/wp\/v2\/types\/post"}],"author":[{"embeddable":true,"href":"https:\/\/lamendigapolitica.com\/index.php?rest_route=\/wp\/v2\/users\/1"}],"replies":[{"embeddable":true,"href":"https:\/\/lamendigapolitica.com\/index.php?rest_route=%2Fwp%2Fv2%2Fcomments&post=72236"}],"version-history":[{"count":1,"href":"https:\/\/lamendigapolitica.com\/index.php?rest_route=\/wp\/v2\/posts\/72236\/revisions"}],"predecessor-version":[{"id":72238,"href":"https:\/\/lamendigapolitica.com\/index.php?rest_route=\/wp\/v2\/posts\/72236\/revisions\/72238"}],"wp:attachment":[{"href":"https:\/\/lamendigapolitica.com\/index.php?rest_route=%2Fwp%2Fv2%2Fmedia&parent=72236"}],"wp:term":[{"taxonomy":"category","embeddable":true,"href":"https:\/\/lamendigapolitica.com\/index.php?rest_route=%2Fwp%2Fv2%2Fcategories&post=72236"},{"taxonomy":"post_tag","embeddable":true,"href":"https:\/\/lamendigapolitica.com\/index.php?rest_route=%2Fwp%2Fv2%2Ftags&post=72236"}],"curies":[{"name":"wp","href":"https:\/\/api.w.org\/{rel}","templated":true}]}}