{"id":72108,"date":"2022-02-15T20:09:16","date_gmt":"2022-02-16T02:09:16","guid":{"rendered":"http:\/\/lamendigapolitica.com\/?p=72108"},"modified":"2022-02-15T20:09:16","modified_gmt":"2022-02-16T02:09:16","slug":"realizan-encuentro-de-danzon-en-el-corazon-de-guadalajara","status":"publish","type":"post","link":"https:\/\/lamendigapolitica.com\/?p=72108","title":{"rendered":"Realizan encuentro de danz\u00f3n en el coraz\u00f3n de Guadalajara"},"content":{"rendered":"<p><img loading=\"lazy\" decoding=\"async\" class=\"aligncenter size-full wp-image-72109\" src=\"https:\/\/lamendigapolitica.com\/blog\/wp-content\/uploads\/2022\/02\/51884683739_c3e0cc8031_k.jpg\" alt=\"\" width=\"1365\" height=\"2048\" \/><\/p>\n<p>Como parte de la actividades por la conmemoraci\u00f3n del 480 Aniversario de la Fundaci\u00f3n de la Ciudad de Guadalajara, esta tarde decenas de parejas de danz\u00f3n se dieron cita en el Paseo Fray Antonio Alcalde, a un costado de la Rotonda de las y los Jaliscienses Ilustres, para una tarde de baile social y de invitaci\u00f3n abierta al p\u00fablico.<\/p>\n<p>\u201cSomos la capital de la mexicanidad en todo el mundo. \u00bfQu\u00e9 nos gusta? El folclor, la m\u00fasica, la danza, nuestras tradiciones, y hoy es un gusto poder ver a todas estas parejas bailando danz\u00f3n, que debo de reconocer mi envidia total: qu\u00e9 bien bailan\u201d, expres\u00f3 Pablo Lemus Navarro, Presidente Municipal de Guadalajara.<!--more--><\/p>\n<p>En esta ocasi\u00f3n se cont\u00f3 con la participaci\u00f3n del grupo Convivencia Danzonera Independiente, en compa\u00f1\u00eda de las notas musicales de la Banda Municipal de Guadalajara y la Banda Sinf\u00f3nica de Zapopan.<\/p>\n<p>Se tocaron piezas tradicionales de este g\u00e9nero como Nereidas, Habaneras 1 y 2, Danzones de Lara, as\u00ed como m\u00fasica de reconocidas bandas como La Sonora Santanera, Glen Miller y Pablo Beltr\u00e1n.<\/p>\n<p>El danz\u00f3n es un baile de origen cubano creado por Miguel Failde en el siglo XIX, y que llega a M\u00e9xico a ra\u00edz de la migraci\u00f3n cubana ocurrida en el \u00faltimo tercio de este siglo, durante el periodo presidencial de Porfirio D\u00edaz, centr\u00e1ndose en las zonas del Golfo y el Caribe.<\/p>\n","protected":false},"excerpt":{"rendered":"<p>Como parte de la actividades por la conmemoraci\u00f3n del 480 Aniversario de la Fundaci\u00f3n de la Ciudad de Guadalajara, esta tarde decenas de parejas de danz\u00f3n se dieron cita en el Paseo Fray Antonio Alcalde, a un costado de la Rotonda de las y los Jaliscienses Ilustres, para una tarde de baile social y de &hellip; <\/p>\n<p><a class=\"more-link btn\" href=\"https:\/\/lamendigapolitica.com\/?p=72108\">Seguir leyendo<\/a><\/p>\n","protected":false},"author":1,"featured_media":0,"comment_status":"open","ping_status":"closed","sticky":false,"template":"","format":"standard","meta":{"footnotes":""},"categories":[26,36,20,22,24],"tags":[],"class_list":["post-72108","post","type-post","status-publish","format-standard","hentry","category-cultura","category-espectaculos","category-gobierno","category-sociales","category-turismo","item-wrap"],"_links":{"self":[{"href":"https:\/\/lamendigapolitica.com\/index.php?rest_route=\/wp\/v2\/posts\/72108","targetHints":{"allow":["GET"]}}],"collection":[{"href":"https:\/\/lamendigapolitica.com\/index.php?rest_route=\/wp\/v2\/posts"}],"about":[{"href":"https:\/\/lamendigapolitica.com\/index.php?rest_route=\/wp\/v2\/types\/post"}],"author":[{"embeddable":true,"href":"https:\/\/lamendigapolitica.com\/index.php?rest_route=\/wp\/v2\/users\/1"}],"replies":[{"embeddable":true,"href":"https:\/\/lamendigapolitica.com\/index.php?rest_route=%2Fwp%2Fv2%2Fcomments&post=72108"}],"version-history":[{"count":1,"href":"https:\/\/lamendigapolitica.com\/index.php?rest_route=\/wp\/v2\/posts\/72108\/revisions"}],"predecessor-version":[{"id":72110,"href":"https:\/\/lamendigapolitica.com\/index.php?rest_route=\/wp\/v2\/posts\/72108\/revisions\/72110"}],"wp:attachment":[{"href":"https:\/\/lamendigapolitica.com\/index.php?rest_route=%2Fwp%2Fv2%2Fmedia&parent=72108"}],"wp:term":[{"taxonomy":"category","embeddable":true,"href":"https:\/\/lamendigapolitica.com\/index.php?rest_route=%2Fwp%2Fv2%2Fcategories&post=72108"},{"taxonomy":"post_tag","embeddable":true,"href":"https:\/\/lamendigapolitica.com\/index.php?rest_route=%2Fwp%2Fv2%2Ftags&post=72108"}],"curies":[{"name":"wp","href":"https:\/\/api.w.org\/{rel}","templated":true}]}}