{"id":72080,"date":"2022-02-11T15:57:43","date_gmt":"2022-02-11T21:57:43","guid":{"rendered":"http:\/\/lamendigapolitica.com\/?p=72080"},"modified":"2022-02-12T16:13:41","modified_gmt":"2022-02-12T22:13:41","slug":"festejaran-con-musica-cumpleanos-480-de-guadalajara","status":"publish","type":"post","link":"https:\/\/lamendigapolitica.com\/?p=72080","title":{"rendered":"Festejar\u00e1n con m\u00fasica cumplea\u00f1os 480 de Guadalajara"},"content":{"rendered":"<p><img loading=\"lazy\" decoding=\"async\" class=\"aligncenter size-large wp-image-72081\" src=\"https:\/\/lamendigapolitica.com\/blog\/wp-content\/uploads\/2022\/02\/14-1024x697.jpg\" alt=\"\" width=\"555\" height=\"378\" \/><\/p>\n<p>El Gobierno de Guadalajara, a trav\u00e9s de la Direcci\u00f3n de Cultura, informa que se llevar\u00e1n a cabo diversas presentaciones musicales en el marco del 480 Aniversario de la Fundaci\u00f3n de la capital de Jalisco, que tendr\u00e1 lugar el pr\u00f3ximo 14 de febrero.<\/p>\n<p>Las actividades consistir\u00e1n en serenata, Las Ma\u00f1anitas en diversos puntos de la ciudad de manera simult\u00e1nea, presentaciones de mariachi y ballet folcl\u00f3rico, el Conversatorio \u201c480 a\u00f1os de historia construida en Guadalajara\u201d, un encuentro de danz\u00f3n con m\u00fasica en vivo y dos recitales de piano.<!--more--><\/p>\n<p>Durante el fin de semana, el s\u00e1bado 12 se ofrecer\u00e1 un colorido despliegue de danza en el Paseo Alcalde \u2014frente a la Rotonda de las y los Jaliscienses Ilustres\u2014 a cargo del Ballet Folcl\u00f3rico Pizintli, de 18:30 a 19:30 horas.<\/p>\n<p>Por otro lado, el domingo 13 de febrero se cantar\u00e1 una serenata a la ciudad a cargo de Mercedes Medina con mariachi en vivo, a partir de las 17:30 horas en la Rotonda de las y los Jaliscienses Ilustres.<\/p>\n<p>El 14 de febrero a las 10 de la ma\u00f1ana habr\u00e1 diversas intervenciones musicales, en las que se cantar\u00e1n Las Ma\u00f1anitas con mariachi de manera simult\u00e1nea en 10 puntos de la ciudad.<\/p>\n<p>Estos lugares ser\u00e1n:<\/p>\n<p>\u2022 Mercado Libertad-San Juan de Dios: Patio Central, Javier Mina y Alfareros con el Mariachi Bronce.<br \/>\n\u2022 Parque de San Miguel de Mezquit\u00e1n: Afuera del templo y frente a los arcos, Miguel Galindo y Chihuahua, con el Mariachi Emblema de M\u00e9xico.<br \/>\n\u2022 San Andr\u00e9s: Quiosco en plaza principal, Chamizal y San Andr\u00e9s, con el Mariachi Internacional Campirano.<br \/>\n\u2022 Jard\u00edn Mexicaltzingo: Explanada central, Mexicaltzingo y Nicol\u00e1s Regules, con el Mariachi Los Gallegos.<br \/>\n\u2022 Plaza Tapat\u00eda: Explanada frente a la escultura a Quetzalc\u00f3atl, Paseo Hospicio y Hidalgo, con el Mariachi Alma Tapat\u00eda.<br \/>\n\u2022 Plaza C\u00edvica de Miravalle: Quiosco principal, Pedro Cipr\u00e9s y Arquitectura, con Mariachi Perla del Pac\u00edfico.<br \/>\n\u2022 Jard\u00edn de San Sebasti\u00e1n de Analco: Quiosco frente al templo, 28 de enero y Guadalupe Victoria, con el Mariachi Voz de M\u00e9xico.<br \/>\n\u2022 Parque Morelos: Explanada frente al quiosko, Calzada Independencia y Juan Manuel, con Mariachi Mexico Canta.<br \/>\n\u2022 Paseo Chapultepec: Andador en el cruce con L\u00f3pez Cotilla frente a la librer\u00eda FCE, con Mariachi Las Morenas.<\/p>\n<p>En Paseo Alcalde \u2014frente a la Rotonda de las y los Jaliscienses Ilustres\u2014 las ma\u00f1anitas se cantar\u00e1n a las 9:30 horas con el ensamble de mariachi de Cocula \u201cSonidos y Colores de Cocula 2022\u201d.<\/p>\n<p>Dicho ensamble estar\u00e1 compuesto por las agrupaciones Los 3 Grandes de Cocula, Mariachi Cocula, Mariachi Fletes, Mariachi Imperial y la danza folcl\u00f3rica del Taller de la Casa de la Cultura de Cocula.<\/p>\n<p>Tambi\u00e9n se realizar\u00e1 la Sesi\u00f3n Solemne del Cabildo para la entrega del Premio Ciudad de Guadalajara 2022 a Francisco Javier Madrigal Toribio por su trayectoria de rescate, promoci\u00f3n y difusi\u00f3n de la m\u00fasica y tradiciones jaliscienses.<\/p>\n<p>Por la tarde, en el Paseo Alcalde \u2014frente a la Rotonda de las y los Jaliscienses Ilustres\u2014 de 18:00 a 19:00 horas el Mariachi Ciudad de Guadalajara y el Ballet Pizintli ofrecer\u00e1n un espect\u00e1culo, acompa\u00f1ados de 150 parejas de danza folcl\u00f3rica.<\/p>\n<p>Posteriormente, de 19:00 a 20:00 horas, el grupo Borlote cerrar\u00e1 esta jornada cultural en la capital de Jalisco.<\/p>\n<p>El 14 de febrero por la tarde tambi\u00e9n se realizar\u00e1 el Conversatorio \u201c480 a\u00f1os de historia construida en Guadalajara\u201d en el Museo de la Ciudad con la participaci\u00f3n de Arq. Venancio Ordo\u00f1o Reynoso, Dr. Arq. Luis Ignacio G\u00f3mez Arreola, Dra. Beatriz N\u00fa\u00f1ez Miranda, Dra. Arq. Estrellita Garc\u00eda Fern\u00e1ndez, Dra. Arq. Claudia Rueda Vel\u00e1zquez, M. Arq. Sergio Ortiz Jim\u00e9nez y la moderaci\u00f3n de M. Arq. Arabella Gonz\u00e1lez Huezo.<\/p>\n<p>Finalmente, el 15 de febrero, de 18:00 a 20:00 horas, se llevar\u00e1 a cabo una sesi\u00f3n de baile social y encuentro de comunidad danzonera en Paseo Alcalde \u2014frente a la Rotonda de las y los Jaliscienses Ilustres\u2014 con m\u00fasica en vivo a cargo de la Banda Sinf\u00f3nica de Zapopan y la Banda Municipal de Guadalajara.<\/p>\n<p>La Casa Museo L\u00f3pez Portillo de Guadalajara presentar\u00e1 dos recitales a cargo del Mtro. Jos\u00e9 Rosendo Sol\u00eds Gonz\u00e1lez, el 15 de febrero \u00abMuestra de m\u00fasica popular con piano solo\u00bb y el viernes 18 de febrero \u00abValses y tangos\u00bb, ambos a las 18:00 horas.<\/p>\n","protected":false},"excerpt":{"rendered":"<p>El Gobierno de Guadalajara, a trav\u00e9s de la Direcci\u00f3n de Cultura, informa que se llevar\u00e1n a cabo diversas presentaciones musicales en el marco del 480 Aniversario de la Fundaci\u00f3n de la capital de Jalisco, que tendr\u00e1 lugar el pr\u00f3ximo 14 de febrero. Las actividades consistir\u00e1n en serenata, Las Ma\u00f1anitas en diversos puntos de la ciudad &hellip; <\/p>\n<p><a class=\"more-link btn\" href=\"https:\/\/lamendigapolitica.com\/?p=72080\">Seguir leyendo<\/a><\/p>\n","protected":false},"author":1,"featured_media":0,"comment_status":"open","ping_status":"closed","sticky":false,"template":"","format":"standard","meta":{"footnotes":""},"categories":[26,36,20,22,24],"tags":[],"class_list":["post-72080","post","type-post","status-publish","format-standard","hentry","category-cultura","category-espectaculos","category-gobierno","category-sociales","category-turismo","item-wrap"],"_links":{"self":[{"href":"https:\/\/lamendigapolitica.com\/index.php?rest_route=\/wp\/v2\/posts\/72080","targetHints":{"allow":["GET"]}}],"collection":[{"href":"https:\/\/lamendigapolitica.com\/index.php?rest_route=\/wp\/v2\/posts"}],"about":[{"href":"https:\/\/lamendigapolitica.com\/index.php?rest_route=\/wp\/v2\/types\/post"}],"author":[{"embeddable":true,"href":"https:\/\/lamendigapolitica.com\/index.php?rest_route=\/wp\/v2\/users\/1"}],"replies":[{"embeddable":true,"href":"https:\/\/lamendigapolitica.com\/index.php?rest_route=%2Fwp%2Fv2%2Fcomments&post=72080"}],"version-history":[{"count":1,"href":"https:\/\/lamendigapolitica.com\/index.php?rest_route=\/wp\/v2\/posts\/72080\/revisions"}],"predecessor-version":[{"id":72082,"href":"https:\/\/lamendigapolitica.com\/index.php?rest_route=\/wp\/v2\/posts\/72080\/revisions\/72082"}],"wp:attachment":[{"href":"https:\/\/lamendigapolitica.com\/index.php?rest_route=%2Fwp%2Fv2%2Fmedia&parent=72080"}],"wp:term":[{"taxonomy":"category","embeddable":true,"href":"https:\/\/lamendigapolitica.com\/index.php?rest_route=%2Fwp%2Fv2%2Fcategories&post=72080"},{"taxonomy":"post_tag","embeddable":true,"href":"https:\/\/lamendigapolitica.com\/index.php?rest_route=%2Fwp%2Fv2%2Ftags&post=72080"}],"curies":[{"name":"wp","href":"https:\/\/api.w.org\/{rel}","templated":true}]}}