{"id":72053,"date":"2022-02-10T20:40:06","date_gmt":"2022-02-11T02:40:06","guid":{"rendered":"http:\/\/lamendigapolitica.com\/?p=72053"},"modified":"2022-02-10T20:40:06","modified_gmt":"2022-02-11T02:40:06","slug":"ny-prepara-otra-semana-de-la-moda-hibrida-a-la-medida-de-la-pandemia","status":"publish","type":"post","link":"https:\/\/lamendigapolitica.com\/?p=72053","title":{"rendered":"NY prepara otra Semana de la Moda h\u00edbrida, a la medida de la pandemia"},"content":{"rendered":"<p><img loading=\"lazy\" decoding=\"async\" class=\"aligncenter size-full wp-image-72054\" src=\"https:\/\/lamendigapolitica.com\/blog\/wp-content\/uploads\/2022\/02\/12.jpg\" alt=\"\" width=\"1280\" height=\"853\" \/><\/p>\n<p>EFE.-Nueva York conocer\u00e1 a partir del viernes las propuestas para el pr\u00f3ximo oto\u00f1o-invierno de la mano de decenas de dise\u00f1adores en una nueva edici\u00f3n descentralizada e h\u00edbrida de la Semana de la Moda, que sigue adapt\u00e1ndose a los tiempos de pandemia.<\/p>\n<p>Los organizadores de la cita, el Consejo de Dise\u00f1adores de Moda de EE.UU. (CFDA, en ingl\u00e9s) y la agencia de modelos IMF, han ordenado a los participantes que limiten la capacidad de sus eventos, m\u00e1s \u00edntimos que nunca, y que exijan prueba de vacuna y mascarilla en interiores a los asistentes.<\/p>\n","protected":false},"excerpt":{"rendered":"<p>EFE.-Nueva York conocer\u00e1 a partir del viernes las propuestas para el pr\u00f3ximo oto\u00f1o-invierno de la mano de decenas de dise\u00f1adores en una nueva edici\u00f3n descentralizada e h\u00edbrida de la Semana de la Moda, que sigue adapt\u00e1ndose a los tiempos de pandemia. Los organizadores de la cita, el Consejo de Dise\u00f1adores de Moda de EE.UU. (CFDA, &hellip; <\/p>\n<p><a class=\"more-link btn\" href=\"https:\/\/lamendigapolitica.com\/?p=72053\">Seguir leyendo<\/a><\/p>\n","protected":false},"author":1,"featured_media":0,"comment_status":"open","ping_status":"closed","sticky":false,"template":"","format":"standard","meta":{"footnotes":""},"categories":[26,30,36,31,22],"tags":[],"class_list":["post-72053","post","type-post","status-publish","format-standard","hentry","category-cultura","category-economia","category-espectaculos","category-internacional","category-sociales","item-wrap"],"_links":{"self":[{"href":"https:\/\/lamendigapolitica.com\/index.php?rest_route=\/wp\/v2\/posts\/72053","targetHints":{"allow":["GET"]}}],"collection":[{"href":"https:\/\/lamendigapolitica.com\/index.php?rest_route=\/wp\/v2\/posts"}],"about":[{"href":"https:\/\/lamendigapolitica.com\/index.php?rest_route=\/wp\/v2\/types\/post"}],"author":[{"embeddable":true,"href":"https:\/\/lamendigapolitica.com\/index.php?rest_route=\/wp\/v2\/users\/1"}],"replies":[{"embeddable":true,"href":"https:\/\/lamendigapolitica.com\/index.php?rest_route=%2Fwp%2Fv2%2Fcomments&post=72053"}],"version-history":[{"count":1,"href":"https:\/\/lamendigapolitica.com\/index.php?rest_route=\/wp\/v2\/posts\/72053\/revisions"}],"predecessor-version":[{"id":72055,"href":"https:\/\/lamendigapolitica.com\/index.php?rest_route=\/wp\/v2\/posts\/72053\/revisions\/72055"}],"wp:attachment":[{"href":"https:\/\/lamendigapolitica.com\/index.php?rest_route=%2Fwp%2Fv2%2Fmedia&parent=72053"}],"wp:term":[{"taxonomy":"category","embeddable":true,"href":"https:\/\/lamendigapolitica.com\/index.php?rest_route=%2Fwp%2Fv2%2Fcategories&post=72053"},{"taxonomy":"post_tag","embeddable":true,"href":"https:\/\/lamendigapolitica.com\/index.php?rest_route=%2Fwp%2Fv2%2Ftags&post=72053"}],"curies":[{"name":"wp","href":"https:\/\/api.w.org\/{rel}","templated":true}]}}