{"id":71901,"date":"2022-01-25T18:41:33","date_gmt":"2022-01-26T00:41:33","guid":{"rendered":"http:\/\/lamendigapolitica.com\/?p=71901"},"modified":"2022-01-26T18:55:46","modified_gmt":"2022-01-27T00:55:46","slug":"presenta-secretaria-de-cultura-de-jalisco-a-nuevo-director-titular-de-la-ofj","status":"publish","type":"post","link":"https:\/\/lamendigapolitica.com\/?p=71901","title":{"rendered":"Presenta Secretaria de Cultura de Jalisco a nuevo Director Titular de la OFJ"},"content":{"rendered":"<p><img loading=\"lazy\" decoding=\"async\" class=\"aligncenter size-full wp-image-71902\" src=\"https:\/\/lamendigapolitica.com\/blog\/wp-content\/uploads\/2022\/01\/51843503495_769f0cb6b0_c-1.jpg\" alt=\"\" width=\"799\" height=\"533\" \/><\/p>\n<p>\u25cf La Secretaria de Cultura, Lourdes Gonz\u00e1lez present\u00f3 al compositor y m\u00fasico Jos\u00e9 Luis Castillo como nuevo titular de la OFJ<br \/>\n\u25cf El INBAL manifest\u00f3 su intenci\u00f3n de colaborar en materia musical con la OFJ.<br \/>\n\u25cf El objetivo para el 2022 es que la orquesta se distinga por su calidad art\u00edstica, modelo de trabajo, transparencia y vinculaci\u00f3n social.<\/p>\n<p>La Orquesta Filarm\u00f3nica de Jalisco (OFJ) tendr\u00e1 un nuevo Director Titular, se trata de Jos\u00e9 Luis Castillo, m\u00fasico y compositor, que ha dedicado m\u00e1s de 25 a\u00f1os de su carrera a impulsar el talento mexicano. Lo anterior se dio a conocer esta ma\u00f1ana en rueda de prensa, realizada en el Teatro Degollado.<!--more--><\/p>\n<p>En el anuncio estuvieron presentes la Secretaria de Cultura de Jalisco, Lourdes Gonz\u00e1lez; Laura Elena Ram\u00edrez Rasgado, Subdirectora General del Instituto Nacional de Bellas Artes y Literatura (INBAL); el nuevo Director Titular de la OFJ, Jos\u00e9 Luis Castillo; el Gerente Art\u00edstico de la OFJ, Horacio Cicero; y Rodrigo Ibarra, Presidente del Patronato de la OFJ.<\/p>\n<p>Lourdes Gonz\u00e1lez explic\u00f3 que tras un diagn\u00f3stico donde se analizaron y replantearon las \u00e1reas art\u00edsticas, administrativas y operativas, est\u00e1 sucediendo una renovaci\u00f3n que permitir\u00e1 que la agrupaci\u00f3n trabaje en la descentralizaci\u00f3n de sus presentaciones, con formatos creados para distintos p\u00fablicos, con finanzas y relaciones laborales sanas, colaboraciones con otros estados e instituciones, adem\u00e1s de impulsar la vinculaci\u00f3n y docencia con otros grupos art\u00edsticos en formaci\u00f3n.<\/p>\n<p>\u201cEn materia de colaboraciones hemos formado una estrecha relaci\u00f3n con el INBAL, la cual nos permitir\u00e1 que la Filarm\u00f3nica tenga presencia y se hable de ella en otros espacios y en otros estados\u201d, se\u00f1al\u00f3 la titular de la Secretar\u00eda de Cultura (SC).<\/p>\n<p>Lourdes Gonz\u00e1lez le dio la bienvenida al Mtro. Jos\u00e9 Luis Castillo, \u201cquien cuenta con m\u00e1s de 25 a\u00f1os de experiencia y actualmente es considerado uno de los principales impulsores de la m\u00fasica contempor\u00e1nea en M\u00e9xico y es profesor de composici\u00f3n en la Escuela Superior de M\u00fasica del INBAL, director art\u00edstico del Centro de Experimentaci\u00f3n y Producci\u00f3n de M\u00fasica Contempor\u00e1nea (Cepromusic) y director musical de su ensamble\u201d.<\/p>\n<p>Por su parte Laura Elena Ram\u00edrez Rasgado, Subdirectora General del INBAL, afirm\u00f3 que con esta noticia se abre una gran puerta de colaboraci\u00f3n entre ambas instituciones, para promover intercambios y residencias que impulsen la formaci\u00f3n continua.<\/p>\n<p>Se\u00f1al\u00f3 que la colaboraci\u00f3n con Jalisco ser\u00e1 productiva en la formaci\u00f3n de nuevos p\u00fablicos que dif\u00edcilmente podr\u00edan conocer el trabajo de la Orquesta de otra forma y agreg\u00f3 que \u201cemprendemos una propuesta de responsabilidad compartida que hoy se hace realidad para enriquecer y trabajar por las artes. El objetivo es fortalecer y potenciar a nuestras agrupaciones art\u00edsticas y nuestras instituciones cuya misi\u00f3n es formar, educar y promover. Es con el intercambio, la reflexi\u00f3n y la reciprocidad, como conseguimos avanzar\u201d.<\/p>\n<p>Adem\u00e1s, Ram\u00edrez Rasgado destac\u00f3 que el trabajo en conjunto entre SCJ e INBAL no s\u00f3lo ser\u00e1 en el plano musical, sino que derivar\u00e1 en residencias art\u00edsticas y colaboraciones con el Centro de Producci\u00f3n de Danza Contempor\u00e1nea.<\/p>\n<p>Tambi\u00e9n se buscar\u00e1 que los concertistas de Bellas Artes interpreten obras de compositores jaliscienses, se ofrecer\u00e1n capacitaciones y asesor\u00edas para el personal de la SC y se realizar\u00e1 un coloquio con motivo de los 100 a\u00f1os de Muralismo Mexicano, entre muchos otros proyectos.<\/p>\n<p>Jos\u00e9 Luis Castillo, se\u00f1al\u00f3 que asumir la direcci\u00f3n de una orquesta como la Filarm\u00f3nica de Jalisco, representa un compromiso y un reto. Habl\u00f3 tambi\u00e9n de la Primera Temporada 2022 de la OFJ que comienza el 17 de febrero y tendr\u00e1 8 programas con conciertos los jueves, a las 20:30 horas y los domingos a las 12:30 horas en el Teatro Degollado.<\/p>\n<p>El director de la OFJ adelant\u00f3 que \u201chemos preparado una programaci\u00f3n a partir de las condiciones y circunstancias que nos obliga la situaci\u00f3n actual de salud.<\/p>\n<p>Es una programaci\u00f3n propositiva, diversa, concisa, pero que se circunscribe a la realidad que todos vivimos. Aun as\u00ed hemos querido preparar esta temporada de conciertos con una propuesta que abone en el \u00e1nimo, en el gozo de la m\u00fasica y en la dicha de escuchar, en ese sentido es una programaci\u00f3n cuyo repertorio no superar\u00e1 los 55 integrantes en escena, cuya duraci\u00f3n no exceder\u00e1 la hora y hemos decidido invitar a un n\u00famero reducido de solistas y directores nacionales\u201d.<\/p>\n<p>Destac\u00f3 la importancia de la inclusi\u00f3n de compositores jaliscienses en la programaci\u00f3n de las temporadas de la OFJ, la cual ser\u00e1 una constante bajo su direcci\u00f3n. As\u00ed como impulsar la participaci\u00f3n de las y los j\u00f3venes creadores en el Premio Nacional de Composici\u00f3n Orquestal \u201cRa\u00edces\u201d organizado por la SC.<\/p>\n<p>Horacio Cicero, quien est\u00e1 al frente de la gerencia art\u00edstica desde hace algunos meses, habl\u00f3 de la incorporaci\u00f3n del Maestro Enrique Radillo como director asistente de la OFJ, con la intenci\u00f3n de que sea una plaza ocupada por m\u00fasicos mexicanos, para el desarrollo de sus carreras. Adem\u00e1s asegur\u00f3 que \u201cse est\u00e1 trabajando muy de la mano con la Direcci\u00f3n Jur\u00eddica de la SC para ser claros en todos los procesos, las audiciones para m\u00fasicos mexicanos y para que todas las temporadas que hagamos con la orquesta sean m\u00e1s incluyentes dentro de la misma orquesta\u201d.<\/p>\n<p>Finalmente Rodrigo Ibarra, Presidente del Patronato de la OFJ, habl\u00f3 del compromiso para la consecuci\u00f3n de los objetivos planteados por la administraci\u00f3n en turno, as\u00ed como los esfuerzos de vinculaci\u00f3n. \u201cA nombre del patronato refrendo mi compromiso para con la Orquesta, somos un organismo de aproximadamente 18 empresarios que damos nuestro tiempo desinteresadamente para este proyecto, un patrimonio invaluable de nuestro estado, esta joya que es nuestra Orquesta Filarm\u00f3nica de Jalisco\u201d.<\/p>\n<p>Sobre Jos\u00e9 Luis Castillo<\/p>\n<p>Comenz\u00f3 sus estudios musicales en Espa\u00f1a para continuarlos en Salzburgo, Luxemburgo y Par\u00eds con Alexander M\u00fcllenbach y Manuel Galduf, maestros con quienes estudi\u00f3, respectivamente, an\u00e1lisis, composici\u00f3n y direcci\u00f3n de orquesta, con especialidad en el repertorio compuesto a partir de la segunda mitad del siglo XX.<\/p>\n<p>Radica en M\u00e9xico desde 1997. Fue director art\u00edstico del programa acad\u00e9mico de perfeccionamiento musical Instrumenta Oaxaca, coordinador del ciclo de M\u00fasica Contempor\u00e1nea del Festival Internacional Cervantino, profesor de composici\u00f3n en el Instituto de Cultura de Guanajuato, director art\u00edstico de la Orquesta Sinf\u00f3nica de la Universidad de Guanajuato, director art\u00edstico de la Orquesta de C\u00e1mara de Bellas Artes y director musical de la Camerata de las Am\u00e9ricas. Ha sido reconocido en dos ocasiones por la Uni\u00f3n Mexicana de Cr\u00edticos de Teatro y M\u00fasica y premiado en Luxemburgo, Holanda e Italia.<\/p>\n<p>M\u00e1s de setenta orquestas en veinticinco pa\u00edses y una discograf\u00eda de quince t\u00edtulos avalan la trayectoria de Castillo quien ha colaborado con solistas como Alexei Volodin, Andras Adorj\u00e1n, Christian Lindberg, Cyprien Katsaris, Dimitri Hvorostovsky, Irvine Arditti, Jen\u00f6 Jand\u00f3, Jorge Federico Osorio, June Anderson, Leslie Howard, Thomas Inderm\u00fchle, Veronica Villarroel, Ram\u00f3n Vargas y Walter Boeykens, entre otros. Adem\u00e1s de \u00f3pera, ballet, repertorio camer\u00edstico y sinf\u00f3nico cuenta con un amplio cat\u00e1logo de pel\u00edculas silentes con musicalizaci\u00f3n en vivo, m\u00e1s de 200 estrenos mundiales y cientos de estrenos en M\u00e9xico adem\u00e1s de incontables primeras audiciones en Latinoam\u00e9rica de algunos de los principales compositores del siglo XX y XXI.<\/p>\n<p>Como compositor, sus obras se han interpretado en foros y festivales de m\u00fasica contempor\u00e1nea en Argentina, Alemania, Australia, Austria, Canad\u00e1, Chile, Espa\u00f1a, Estados Unidos, Francia, Holanda, Italia, Jap\u00f3n, Letonia, M\u00e9xico, Per\u00fa, Portugal, Taiwan y Uruguay por int\u00e9rpretes como el Coro de la Radio de Saarbr\u00fccken, Cuarteto de Cuerdas de Salzburgo, Delta Ensamble, Miquel Bernat, Orquesta Filarm\u00f3nica de la UNAM, los ensambles \u00d3nix y Oktopus, la Orquesta de C\u00e1mara de W\u00fcrttemberg, Orquesta Filarm\u00f3nica de Luxemburgo, orquesta de la Radiodifusi\u00f3n de Saarbr\u00fccken, Tambuco, Wolfgang Meyer y Konstantia Gourzi, entre otros.<\/p>\n<p>Actualmente Castillo es considerado uno de los principales impulsores de la m\u00fasica contempor\u00e1nea en M\u00e9xico. Realiza la edici\u00f3n cr\u00edtica de las obras de Silvestre Revueltas en colaboraci\u00f3n con Roberto Kolb. Es profesor de composici\u00f3n en la Escuela Superior de M\u00fasica del INBAL, director art\u00edstico del Centro de Experimentaci\u00f3n y Producci\u00f3n de M\u00fasica Contempor\u00e1nea (Cepromusic) y director musical de su ensamble.<\/p>\n<p>*Se adjunta programa de la Primera Temporada 2022 de la OFJ<br \/>\nhttps:\/\/mcusercontent.com\/aea45192461fe3131bea1ec54\/files\/d97c8ce4-27d0-acd7-8dcc-52b2a4b6083f\/Programa.pdf<\/p>\n","protected":false},"excerpt":{"rendered":"<p>\u25cf La Secretaria de Cultura, Lourdes Gonz\u00e1lez present\u00f3 al compositor y m\u00fasico Jos\u00e9 Luis Castillo como nuevo titular de la OFJ \u25cf El INBAL manifest\u00f3 su intenci\u00f3n de colaborar en materia musical con la OFJ. \u25cf El objetivo para el 2022 es que la orquesta se distinga por su calidad art\u00edstica, modelo de trabajo, transparencia &hellip; <\/p>\n<p><a class=\"more-link btn\" href=\"https:\/\/lamendigapolitica.com\/?p=71901\">Seguir leyendo<\/a><\/p>\n","protected":false},"author":1,"featured_media":0,"comment_status":"open","ping_status":"closed","sticky":false,"template":"","format":"standard","meta":{"footnotes":""},"categories":[97,26,36,20],"tags":[],"class_list":["post-71901","post","type-post","status-publish","format-standard","hentry","category-comunicacion","category-cultura","category-espectaculos","category-gobierno","item-wrap"],"_links":{"self":[{"href":"https:\/\/lamendigapolitica.com\/index.php?rest_route=\/wp\/v2\/posts\/71901","targetHints":{"allow":["GET"]}}],"collection":[{"href":"https:\/\/lamendigapolitica.com\/index.php?rest_route=\/wp\/v2\/posts"}],"about":[{"href":"https:\/\/lamendigapolitica.com\/index.php?rest_route=\/wp\/v2\/types\/post"}],"author":[{"embeddable":true,"href":"https:\/\/lamendigapolitica.com\/index.php?rest_route=\/wp\/v2\/users\/1"}],"replies":[{"embeddable":true,"href":"https:\/\/lamendigapolitica.com\/index.php?rest_route=%2Fwp%2Fv2%2Fcomments&post=71901"}],"version-history":[{"count":1,"href":"https:\/\/lamendigapolitica.com\/index.php?rest_route=\/wp\/v2\/posts\/71901\/revisions"}],"predecessor-version":[{"id":71903,"href":"https:\/\/lamendigapolitica.com\/index.php?rest_route=\/wp\/v2\/posts\/71901\/revisions\/71903"}],"wp:attachment":[{"href":"https:\/\/lamendigapolitica.com\/index.php?rest_route=%2Fwp%2Fv2%2Fmedia&parent=71901"}],"wp:term":[{"taxonomy":"category","embeddable":true,"href":"https:\/\/lamendigapolitica.com\/index.php?rest_route=%2Fwp%2Fv2%2Fcategories&post=71901"},{"taxonomy":"post_tag","embeddable":true,"href":"https:\/\/lamendigapolitica.com\/index.php?rest_route=%2Fwp%2Fv2%2Ftags&post=71901"}],"curies":[{"name":"wp","href":"https:\/\/api.w.org\/{rel}","templated":true}]}}