{"id":71877,"date":"2022-01-22T14:54:21","date_gmt":"2022-01-22T20:54:21","guid":{"rendered":"http:\/\/lamendigapolitica.com\/?p=71877"},"modified":"2022-01-23T19:59:41","modified_gmt":"2022-01-24T01:59:41","slug":"aplazan-peliculas-de-mision-imposible-hasta-2023-y-2024","status":"publish","type":"post","link":"https:\/\/lamendigapolitica.com\/?p=71877","title":{"rendered":"Aplazan pel\u00edculas de \u201cMisi\u00f3n: Imposible\u201d hasta 2023 y 2024"},"content":{"rendered":"<p><img loading=\"lazy\" decoding=\"async\" class=\"aligncenter size-medium wp-image-71878\" src=\"https:\/\/lamendigapolitica.com\/blog\/wp-content\/uploads\/2022\/01\/1111-300x215.jpeg\" alt=\"\" width=\"300\" height=\"215\" srcset=\"https:\/\/lamendigapolitica.com\/wp-content\/uploads\/2022\/01\/1111-300x215.jpeg 300w, https:\/\/lamendigapolitica.com\/wp-content\/uploads\/2022\/01\/1111-768x549.jpeg 768w, https:\/\/lamendigapolitica.com\/wp-content\/uploads\/2022\/01\/1111-555x397.jpeg 555w, https:\/\/lamendigapolitica.com\/wp-content\/uploads\/2022\/01\/1111.jpeg 1000w\" sizes=\"auto, (max-width: 300px) 100vw, 300px\" \/><\/p>\n<p>AP.\u2014 Pasar\u00e1 otro a\u00f1o antes de que una nueva pel\u00edcula de \u201cMission: Impossible\u201d (\u201cMisi\u00f3n: Imposible\u201d) llegue a los cines.<\/p>\n<p>Paramount Pictures y Skydance anunciaron el viernes que el estreno de \u201cMission: Impossible 7\u201d se retrasar\u00e1 del 20 de septiembre al 14 de julio de 2023. \u201cMission: Impossible 8\u201d, previamente programada para julio de 2023, ahora se estrenar\u00e1 el 28 de junio de 2024.<!--more--><\/p>\n<p>Es el m\u00e1s reciente rev\u00e9s para un par de grandes producciones que se han ido postergando debido a la pandemia. El rodaje de \u201cMission: Impossible 7\u201d se suspendi\u00f3 a principios de 2020 debido al COVID-19. Despu\u00e9s de que la filmaci\u00f3n se reanud\u00f3 en el verano (boreal) de 2020, el rodaje principal finalmente concluy\u00f3 en septiembre de 2021.<\/p>\n<p>Paramount y Skydance atribuyeron los aplazamientos a retrasos relacionados con la pandemia.<\/p>\n<p>\u201cDespu\u00e9s de una cuidadosa consideraci\u00f3n, Paramount Pictures y Skydance han decidido posponer las fechas de estreno de Mission: Impossible 7 y 8 en respuesta a los retrasos debido a la pandemia en curso\u201d, dijeron las compa\u00f1\u00edas cinematogr\u00e1ficas en un comunicado conjunto.<\/p>\n<p>&nbsp;<\/p>\n","protected":false},"excerpt":{"rendered":"<p>AP.\u2014 Pasar\u00e1 otro a\u00f1o antes de que una nueva pel\u00edcula de \u201cMission: Impossible\u201d (\u201cMisi\u00f3n: Imposible\u201d) llegue a los cines. Paramount Pictures y Skydance anunciaron el viernes que el estreno de \u201cMission: Impossible 7\u201d se retrasar\u00e1 del 20 de septiembre al 14 de julio de 2023. \u201cMission: Impossible 8\u201d, previamente programada para julio de 2023, ahora &hellip; <\/p>\n<p><a class=\"more-link btn\" href=\"https:\/\/lamendigapolitica.com\/?p=71877\">Seguir leyendo<\/a><\/p>\n","protected":false},"author":1,"featured_media":0,"comment_status":"open","ping_status":"closed","sticky":false,"template":"","format":"standard","meta":{"footnotes":""},"categories":[26,36,45,31,22],"tags":[],"class_list":["post-71877","post","type-post","status-publish","format-standard","hentry","category-cultura","category-espectaculos","category-featured","category-internacional","category-sociales","item-wrap"],"_links":{"self":[{"href":"https:\/\/lamendigapolitica.com\/index.php?rest_route=\/wp\/v2\/posts\/71877","targetHints":{"allow":["GET"]}}],"collection":[{"href":"https:\/\/lamendigapolitica.com\/index.php?rest_route=\/wp\/v2\/posts"}],"about":[{"href":"https:\/\/lamendigapolitica.com\/index.php?rest_route=\/wp\/v2\/types\/post"}],"author":[{"embeddable":true,"href":"https:\/\/lamendigapolitica.com\/index.php?rest_route=\/wp\/v2\/users\/1"}],"replies":[{"embeddable":true,"href":"https:\/\/lamendigapolitica.com\/index.php?rest_route=%2Fwp%2Fv2%2Fcomments&post=71877"}],"version-history":[{"count":1,"href":"https:\/\/lamendigapolitica.com\/index.php?rest_route=\/wp\/v2\/posts\/71877\/revisions"}],"predecessor-version":[{"id":71879,"href":"https:\/\/lamendigapolitica.com\/index.php?rest_route=\/wp\/v2\/posts\/71877\/revisions\/71879"}],"wp:attachment":[{"href":"https:\/\/lamendigapolitica.com\/index.php?rest_route=%2Fwp%2Fv2%2Fmedia&parent=71877"}],"wp:term":[{"taxonomy":"category","embeddable":true,"href":"https:\/\/lamendigapolitica.com\/index.php?rest_route=%2Fwp%2Fv2%2Fcategories&post=71877"},{"taxonomy":"post_tag","embeddable":true,"href":"https:\/\/lamendigapolitica.com\/index.php?rest_route=%2Fwp%2Fv2%2Ftags&post=71877"}],"curies":[{"name":"wp","href":"https:\/\/api.w.org\/{rel}","templated":true}]}}