{"id":71851,"date":"2022-01-20T19:55:12","date_gmt":"2022-01-21T01:55:12","guid":{"rendered":"http:\/\/lamendigapolitica.com\/?p=71851"},"modified":"2022-01-20T19:55:12","modified_gmt":"2022-01-21T01:55:12","slug":"proponen-rescate-de-la-locacion-la-noche-de-la-iguana-en-puerto-vallarta","status":"publish","type":"post","link":"https:\/\/lamendigapolitica.com\/?p=71851","title":{"rendered":"Proponen rescate de la locaci\u00f3n \u201cLa noche de la Iguana\u201d en Puerto Vallarta"},"content":{"rendered":"<p><img loading=\"lazy\" decoding=\"async\" class=\"aligncenter size-full wp-image-71852\" src=\"https:\/\/lamendigapolitica.com\/blog\/wp-content\/uploads\/2022\/01\/la-noche-de-la-iguana-pequeno-paraiso.jpg\" alt=\"\" width=\"704\" height=\"384\" srcset=\"https:\/\/lamendigapolitica.com\/wp-content\/uploads\/2022\/01\/la-noche-de-la-iguana-pequeno-paraiso.jpg 704w, https:\/\/lamendigapolitica.com\/wp-content\/uploads\/2022\/01\/la-noche-de-la-iguana-pequeno-paraiso-300x164.jpg 300w, https:\/\/lamendigapolitica.com\/wp-content\/uploads\/2022\/01\/la-noche-de-la-iguana-pequeno-paraiso-555x303.jpg 555w\" sizes=\"auto, (max-width: 704px) 100vw, 704px\" \/><\/p>\n<p>&nbsp;<\/p>\n<p>El puerto requiere regular la explotaci\u00f3n inmobiliaria y conservar su patrimonio urbano para relanzar el destino en el plano internacional<\/p>\n<p>El investigador del Centro Universitario de la Costa (CUCosta), doctor Marco Antonio Cort\u00e9s Guardado, plantea, en su reciente publicaci\u00f3n Puerto Vallarta de pel\u00edcula. Cine, imaginario urbano y desarrollo social, rescatar la locaci\u00f3n donde en 1963 se film\u00f3 la cinta estadounidense La noche de la Iguana.<!--more--><\/p>\n<p>Su investigaci\u00f3n, publicado bajo el sello de la Editorial Universitaria, de la UdeG, aborda el tema de la filmaci\u00f3n y an\u00e9cdotas alrededor de la pel\u00edcula que proyectaron en el \u00e1mbito internacional a un t\u00edpico pueblo de pescadores del Pac\u00edfico mexicano.<\/p>\n<p>El texto intenta atraer el inter\u00e9s de la sociedad, empresarios y gobiernos de todos los niveles para la rehabilitaci\u00f3n de la locaci\u00f3n, ubicada a 21 kil\u00f3metros del Centro hist\u00f3rico \u2013una casa construida por el ingeniero Guillermo Wulff\u2013, revalorar el patrimonio urbano y relanzar al destino tur\u00edstico.<\/p>\n<p>\u201cPlanteamos que se consolide una voluntad colectiva con el rescate del set de La noche de la Iguana; pero tambi\u00e9n que el gobierno act\u00fae para establecer reglas de conservaci\u00f3n del patrimonio arquitect\u00f3nico y del escenario urbano\u201d, puntualiz\u00f3 Cort\u00e9s Guardado.<\/p>\n<p>El investigador plantea la regularizaci\u00f3n del paisaje urbano hoy dominado por modernas torres de departamentos que contrastan con el \u201cestilo Vallarta\u201d del centro de Puerto Vallarta.<\/p>\n<p>\u201cLos permisos autorizados para la construcci\u00f3n de edificios de departamentos, con un estilo arquitect\u00f3nico moderno, est\u00e1 completamente alejado de la arquitectura t\u00edpica de Puerto Vallarta, compuesta de fincas de la arquitectura serrana t\u00edpica\u201d explic\u00f3.<\/p>\n<p>Destac\u00f3 la contradicci\u00f3n del discurso y la pr\u00e1ctica de los principales actores del destino tur\u00edstico, pues gobiernos y empresas explotan la imagen tradicional del puerto sin regular la explosi\u00f3n inmobiliaria.<\/p>\n<p>\u201cPese a que el gobierno, empresas tur\u00edsticas y consorcios hoteleros contin\u00faan alimentando la idea de un paisaje paradis\u00edaco del puerto, la din\u00e1mica inmobiliaria comienza a invadir el \u00e1rea de monta\u00f1a y los alrededores del pueblo original\u201d, ahond\u00f3.<\/p>\n<p>Para el autor, la conservaci\u00f3n del \u201cestilo Vallarta\u201d es la clave, pues representa la esencia de Puerto Vallarta. \u201cSe trata de un aspecto estrat\u00e9gico porque contiene el carisma y la personalidad del destino tur\u00edstico de Puerto Vallarta, que lo hacen \u00fanico en el mundo\u201d.<\/p>\n<p>A 59 a\u00f1os de la filmaci\u00f3n, la poblaci\u00f3n municipal aument\u00f3 de 15 mil 462 habitantes en 1963 a 383 mil 686 en 2020. El turismo tambi\u00e9n increment\u00f3: en 1973, una d\u00e9cada despu\u00e9s de la filmaci\u00f3n, hubo 25 mil turistas; y hacia 2020 se estima en m\u00e1s de cinco millones los turistas que han visitado el puerto en casi seis d\u00e9cadas, de acuerdo Cort\u00e9s Guardado.<\/p>\n<p>El enorme inter\u00e9s por Puerto Vallarta inici\u00f3 con el imaginario rom\u00e1ntico propuesto por la trama amorosa de la cinta dirigida por John Huston y protagonizada por Ava Gadner y Richard Burton.<\/p>\n<p>\u201cLa noche de la Iguana reun\u00eda las claves del imaginario tur\u00edstico de la \u00e9poca: aventura y descubrimiento de la naturaleza. La pel\u00edcula agreg\u00f3 romanticismo, sofisticaci\u00f3n y erotismo, adem\u00e1s de la libertad para experimentar con la naturaleza y la poblaci\u00f3n local abierta al turismo\u201d, explic\u00f3 Cort\u00e9s Guardado.<\/p>\n<p>Puerto Vallarta de pel\u00edcula. Cine, imaginario urbano y desarrollo local, se presentar\u00e1 el 11 de febrero del presente a\u00f1o a las 18:00 horas en la Biblioteca Los Mangos, Centro Cultural (avenida Francisco Villa 1001, Las Gaviotas). Los presentadores son: Mar\u00eda Jos\u00e9 Zorrilla, Promotora cultural y empresaria; Estrella Araiza, Directora del FICG, y Pavel Cort\u00e9s, Director de Programaci\u00f3n FICG y Premio Maguey.<\/p>\n","protected":false},"excerpt":{"rendered":"<p>&nbsp; El puerto requiere regular la explotaci\u00f3n inmobiliaria y conservar su patrimonio urbano para relanzar el destino en el plano internacional El investigador del Centro Universitario de la Costa (CUCosta), doctor Marco Antonio Cort\u00e9s Guardado, plantea, en su reciente publicaci\u00f3n Puerto Vallarta de pel\u00edcula. Cine, imaginario urbano y desarrollo social, rescatar la locaci\u00f3n donde en &hellip; <\/p>\n<p><a class=\"more-link btn\" href=\"https:\/\/lamendigapolitica.com\/?p=71851\">Seguir leyendo<\/a><\/p>\n","protected":false},"author":1,"featured_media":0,"comment_status":"open","ping_status":"closed","sticky":false,"template":"","format":"standard","meta":{"footnotes":""},"categories":[26,28,36,22,24],"tags":[],"class_list":["post-71851","post","type-post","status-publish","format-standard","hentry","category-cultura","category-educacion","category-espectaculos","category-sociales","category-turismo","item-wrap"],"_links":{"self":[{"href":"https:\/\/lamendigapolitica.com\/index.php?rest_route=\/wp\/v2\/posts\/71851","targetHints":{"allow":["GET"]}}],"collection":[{"href":"https:\/\/lamendigapolitica.com\/index.php?rest_route=\/wp\/v2\/posts"}],"about":[{"href":"https:\/\/lamendigapolitica.com\/index.php?rest_route=\/wp\/v2\/types\/post"}],"author":[{"embeddable":true,"href":"https:\/\/lamendigapolitica.com\/index.php?rest_route=\/wp\/v2\/users\/1"}],"replies":[{"embeddable":true,"href":"https:\/\/lamendigapolitica.com\/index.php?rest_route=%2Fwp%2Fv2%2Fcomments&post=71851"}],"version-history":[{"count":1,"href":"https:\/\/lamendigapolitica.com\/index.php?rest_route=\/wp\/v2\/posts\/71851\/revisions"}],"predecessor-version":[{"id":71853,"href":"https:\/\/lamendigapolitica.com\/index.php?rest_route=\/wp\/v2\/posts\/71851\/revisions\/71853"}],"wp:attachment":[{"href":"https:\/\/lamendigapolitica.com\/index.php?rest_route=%2Fwp%2Fv2%2Fmedia&parent=71851"}],"wp:term":[{"taxonomy":"category","embeddable":true,"href":"https:\/\/lamendigapolitica.com\/index.php?rest_route=%2Fwp%2Fv2%2Fcategories&post=71851"},{"taxonomy":"post_tag","embeddable":true,"href":"https:\/\/lamendigapolitica.com\/index.php?rest_route=%2Fwp%2Fv2%2Ftags&post=71851"}],"curies":[{"name":"wp","href":"https:\/\/api.w.org\/{rel}","templated":true}]}}