{"id":71837,"date":"2022-01-18T22:34:18","date_gmt":"2022-01-19T04:34:18","guid":{"rendered":"http:\/\/lamendigapolitica.com\/?p=71837"},"modified":"2022-01-18T22:34:18","modified_gmt":"2022-01-19T04:34:18","slug":"sothebys-de-dubai-revela-diamante-negro-de-55555-quilates","status":"publish","type":"post","link":"https:\/\/lamendigapolitica.com\/?p=71837","title":{"rendered":"Sotheby&#8217;s de Dub\u00e1i revela diamante negro de 555,55 quilates"},"content":{"rendered":"<p><img loading=\"lazy\" decoding=\"async\" class=\"aligncenter size-full wp-image-71838\" src=\"https:\/\/lamendigapolitica.com\/blog\/wp-content\/uploads\/2022\/01\/144.jpg\" alt=\"\" width=\"954\" height=\"636\" srcset=\"https:\/\/lamendigapolitica.com\/wp-content\/uploads\/2022\/01\/144.jpg 954w, https:\/\/lamendigapolitica.com\/wp-content\/uploads\/2022\/01\/144-300x200.jpg 300w, https:\/\/lamendigapolitica.com\/wp-content\/uploads\/2022\/01\/144-768x512.jpg 768w, https:\/\/lamendigapolitica.com\/wp-content\/uploads\/2022\/01\/144-555x370.jpg 555w\" sizes=\"auto, (max-width: 954px) 100vw, 954px\" \/><\/p>\n<p>AP.\u2014 La casa de subastas Sotheby&#8217;s de Dub\u00e1i ha revelado un diamante que literalmente no es de este mundo.<\/p>\n<p>Sotheby&#8217;s nombr\u00f3 al diamante negro de 555,55 quilates \u2014que se cree viene del espacio\u2014 \u201cEl Engima\u201d. La extra\u00f1a gema fue presentada el lunes ante los medios como parte de una gira en Dub\u00e1i y Los \u00c1ngeles antes de ser subastada en febrero en Londres.<!--more--><\/p>\n<p>Sotheby&#8217;s espera que el diamante sea vendido en al menos 5 millones de libras esterlinas (6,8 millones de d\u00f3lares). La casa de subastas planea aceptar tambi\u00e9n criptomonedas como posible pago.<\/p>\n<p>Sophie Stevens, una experta en joyas de Sotheby&#8217;s de Dub\u00e1i, dijo a The Associated Press que el n\u00famero cinco tiene una importancia considerable con el diamante, que tambi\u00e9n tiene 55 caras.<\/p>\n<p>\u201cLa forma del diamante se basa en el Hamsa, el s\u00edmbolo de la mano del Medio Oriente que representa fuerza y \u200b\u200bprotecci\u00f3n\u201d, explic\u00f3. Hamsa en idioma \u00e1rabe significa \u201ccinco\u201d.<\/p>\n<p>\u201cPor lo que el n\u00famero cinco es un elemento que abarca todo el diamante\u201d, a\u00f1adi\u00f3.<\/p>\n<p>Stevens dijo tambi\u00e9n que es probable que el diamante provenga del espacio exterior.<\/p>\n<p>\u201cCreemos que los diamantes carbonados se formaron a trav\u00e9s de or\u00edgenes extraterrestres, al igual que los meteoritos, impact\u00e1ndose contra la Tierra y ya sea creando una posici\u00f3n qu\u00edmica de vapor o de hecho viniendo de los mismos meteoritos\u201d, detall\u00f3.<\/p>\n<p>Los diamantes negros, tambi\u00e9n conocidos como carbonados, son extremadamente inusuales y se encuentran de manera natural solamente en Brasil y \u00c1frica Central. La teor\u00eda de su origen c\u00f3smico se basa en sus is\u00f3topos de carbono y el alto contenido de hidr\u00f3geno.<\/p>\n","protected":false},"excerpt":{"rendered":"<p>AP.\u2014 La casa de subastas Sotheby&#8217;s de Dub\u00e1i ha revelado un diamante que literalmente no es de este mundo. Sotheby&#8217;s nombr\u00f3 al diamante negro de 555,55 quilates \u2014que se cree viene del espacio\u2014 \u201cEl Engima\u201d. La extra\u00f1a gema fue presentada el lunes ante los medios como parte de una gira en Dub\u00e1i y Los \u00c1ngeles &hellip; <\/p>\n<p><a class=\"more-link btn\" href=\"https:\/\/lamendigapolitica.com\/?p=71837\">Seguir leyendo<\/a><\/p>\n","protected":false},"author":1,"featured_media":0,"comment_status":"open","ping_status":"closed","sticky":false,"template":"","format":"standard","meta":{"footnotes":""},"categories":[26,30,36,31,22],"tags":[],"class_list":["post-71837","post","type-post","status-publish","format-standard","hentry","category-cultura","category-economia","category-espectaculos","category-internacional","category-sociales","item-wrap"],"_links":{"self":[{"href":"https:\/\/lamendigapolitica.com\/index.php?rest_route=\/wp\/v2\/posts\/71837","targetHints":{"allow":["GET"]}}],"collection":[{"href":"https:\/\/lamendigapolitica.com\/index.php?rest_route=\/wp\/v2\/posts"}],"about":[{"href":"https:\/\/lamendigapolitica.com\/index.php?rest_route=\/wp\/v2\/types\/post"}],"author":[{"embeddable":true,"href":"https:\/\/lamendigapolitica.com\/index.php?rest_route=\/wp\/v2\/users\/1"}],"replies":[{"embeddable":true,"href":"https:\/\/lamendigapolitica.com\/index.php?rest_route=%2Fwp%2Fv2%2Fcomments&post=71837"}],"version-history":[{"count":1,"href":"https:\/\/lamendigapolitica.com\/index.php?rest_route=\/wp\/v2\/posts\/71837\/revisions"}],"predecessor-version":[{"id":71839,"href":"https:\/\/lamendigapolitica.com\/index.php?rest_route=\/wp\/v2\/posts\/71837\/revisions\/71839"}],"wp:attachment":[{"href":"https:\/\/lamendigapolitica.com\/index.php?rest_route=%2Fwp%2Fv2%2Fmedia&parent=71837"}],"wp:term":[{"taxonomy":"category","embeddable":true,"href":"https:\/\/lamendigapolitica.com\/index.php?rest_route=%2Fwp%2Fv2%2Fcategories&post=71837"},{"taxonomy":"post_tag","embeddable":true,"href":"https:\/\/lamendigapolitica.com\/index.php?rest_route=%2Fwp%2Fv2%2Ftags&post=71837"}],"curies":[{"name":"wp","href":"https:\/\/api.w.org\/{rel}","templated":true}]}}