{"id":71827,"date":"2022-01-18T21:55:37","date_gmt":"2022-01-19T03:55:37","guid":{"rendered":"http:\/\/lamendigapolitica.com\/?p=71827"},"modified":"2022-01-18T21:55:37","modified_gmt":"2022-01-19T03:55:37","slug":"al-son-que-me-toquen-espacio-de-encuentro-cultural-intermunicipal","status":"publish","type":"post","link":"https:\/\/lamendigapolitica.com\/?p=71827","title":{"rendered":"Al Son que me Toquen: espacio de encuentro cultural intermunicipal"},"content":{"rendered":"<p>&nbsp;<\/p>\n<p><img loading=\"lazy\" decoding=\"async\" class=\"aligncenter size-full wp-image-71828\" src=\"https:\/\/lamendigapolitica.com\/blog\/wp-content\/uploads\/2022\/01\/15.jpg\" alt=\"\" width=\"1317\" height=\"870\" \/><\/p>\n<p>En el marco del programa cultural Al Son que me Toquen esta tarde agrupaciones art\u00edsticas de Cocula se presentaron para deleite de las y los tapat\u00edos, en la explanada de Los Dos Templos, en el coraz\u00f3n de la ciudad.<\/p>\n<p>\u201cDesde que iniciamos esta Administraci\u00f3n nos propusimos recuperar el Centro Hist\u00f3rico, uno de los m\u00e1s bellos de toda la Rep\u00fablica y podr\u00eda decir de los m\u00e1s bellos de Latinoam\u00e9rica (\u2026) El Centro Hist\u00f3rico, hemos dicho, no necesita m\u00e1s obras majestuosas, lo que necesitamos es llenarlo de contenidos para que las familias, nuestras ni\u00f1as, ni\u00f1os, adultos mayores vengan a disfrutar de distintos eventos p\u00fablicos gratuitos\u201d, afirm\u00f3 Pablo Lemus Navarro, Presidente Municipal de Guadalajara.<!--more--><\/p>\n<p>Las y los asistentes disfrutaron de la presentaci\u00f3n ofrecida por el grupo de danza folcl\u00f3rica \u201cDe Cocula es el Mariachi\u201d, as\u00ed como las melod\u00edas interpretadas por el mariachi Imperial de Cocula.<\/p>\n<p>\u201cGracias por darnos la oportunidad de venir a este escenario, de brindarnos toda la apertura para que Cocula se escuche en la capital y desde luego en todo el Estado y en la Rep\u00fablica, sepan que de Cocula es el mariachi\u201d, expres\u00f3 Miguel \u00c1ngel Ibarra Flores, Presidente Municipal de Cocula.<\/p>\n<p>Al Son que me Toquen es un programa que inici\u00f3 en octubre 2021 con el objetivo de sumar a la reactivaci\u00f3n cultural y econ\u00f3mica del Centro Hist\u00f3rico de Guadalajara a trav\u00e9s de presentaciones gratuitas en espacios como Paseo Alcalde, Jard\u00edn de la Reforma, Los Dos Templos y Santuario.<\/p>\n","protected":false},"excerpt":{"rendered":"<p>&nbsp; En el marco del programa cultural Al Son que me Toquen esta tarde agrupaciones art\u00edsticas de Cocula se presentaron para deleite de las y los tapat\u00edos, en la explanada de Los Dos Templos, en el coraz\u00f3n de la ciudad. \u201cDesde que iniciamos esta Administraci\u00f3n nos propusimos recuperar el Centro Hist\u00f3rico, uno de los m\u00e1s &hellip; <\/p>\n<p><a class=\"more-link btn\" href=\"https:\/\/lamendigapolitica.com\/?p=71827\">Seguir leyendo<\/a><\/p>\n","protected":false},"author":1,"featured_media":0,"comment_status":"open","ping_status":"closed","sticky":false,"template":"","format":"standard","meta":{"footnotes":""},"categories":[26,36,20,22,24],"tags":[],"class_list":["post-71827","post","type-post","status-publish","format-standard","hentry","category-cultura","category-espectaculos","category-gobierno","category-sociales","category-turismo","item-wrap"],"_links":{"self":[{"href":"https:\/\/lamendigapolitica.com\/index.php?rest_route=\/wp\/v2\/posts\/71827","targetHints":{"allow":["GET"]}}],"collection":[{"href":"https:\/\/lamendigapolitica.com\/index.php?rest_route=\/wp\/v2\/posts"}],"about":[{"href":"https:\/\/lamendigapolitica.com\/index.php?rest_route=\/wp\/v2\/types\/post"}],"author":[{"embeddable":true,"href":"https:\/\/lamendigapolitica.com\/index.php?rest_route=\/wp\/v2\/users\/1"}],"replies":[{"embeddable":true,"href":"https:\/\/lamendigapolitica.com\/index.php?rest_route=%2Fwp%2Fv2%2Fcomments&post=71827"}],"version-history":[{"count":1,"href":"https:\/\/lamendigapolitica.com\/index.php?rest_route=\/wp\/v2\/posts\/71827\/revisions"}],"predecessor-version":[{"id":71829,"href":"https:\/\/lamendigapolitica.com\/index.php?rest_route=\/wp\/v2\/posts\/71827\/revisions\/71829"}],"wp:attachment":[{"href":"https:\/\/lamendigapolitica.com\/index.php?rest_route=%2Fwp%2Fv2%2Fmedia&parent=71827"}],"wp:term":[{"taxonomy":"category","embeddable":true,"href":"https:\/\/lamendigapolitica.com\/index.php?rest_route=%2Fwp%2Fv2%2Fcategories&post=71827"},{"taxonomy":"post_tag","embeddable":true,"href":"https:\/\/lamendigapolitica.com\/index.php?rest_route=%2Fwp%2Fv2%2Ftags&post=71827"}],"curies":[{"name":"wp","href":"https:\/\/api.w.org\/{rel}","templated":true}]}}