{"id":71698,"date":"2022-01-02T21:41:13","date_gmt":"2022-01-03T03:41:13","guid":{"rendered":"http:\/\/lamendigapolitica.com\/?p=71698"},"modified":"2022-01-02T21:41:13","modified_gmt":"2022-01-03T03:41:13","slug":"dos-muertos-por-fuegos-artificiales-en-alemania-y-austria","status":"publish","type":"post","link":"https:\/\/lamendigapolitica.com\/?p=71698","title":{"rendered":"Dos muertos por fuegos artificiales en Alemania y Austria"},"content":{"rendered":"<p><img loading=\"lazy\" decoding=\"async\" class=\"aligncenter size-full wp-image-71699\" src=\"https:\/\/lamendigapolitica.com\/blog\/wp-content\/uploads\/2022\/01\/1000.jpeg\" alt=\"\" width=\"1000\" height=\"667\" srcset=\"https:\/\/lamendigapolitica.com\/wp-content\/uploads\/2022\/01\/1000.jpeg 1000w, https:\/\/lamendigapolitica.com\/wp-content\/uploads\/2022\/01\/1000-300x200.jpeg 300w, https:\/\/lamendigapolitica.com\/wp-content\/uploads\/2022\/01\/1000-768x512.jpeg 768w, https:\/\/lamendigapolitica.com\/wp-content\/uploads\/2022\/01\/1000-555x370.jpeg 555w\" sizes=\"auto, (max-width: 1000px) 100vw, 1000px\" \/><\/p>\n<p>AP.-Un hombre en Alemania y otro en Austria fallecieron al manejar fuegos artificiales en la Nochevieja, report\u00f3 la prensa local el s\u00e1bado.<\/p>\n<p>Un individuo de 37 a\u00f1os muri\u00f3 en Hennef, cerca de Bonn, en el occidente de Alemania. Un hombre de 39 a\u00f1os result\u00f3 gravemente herido en el mismo incidente y se le traslad\u00f3 a un hospital.<\/p>\n<p>En Austria, un hombre de 23 a\u00f1os muri\u00f3 al suroeste de Viena y otras tres personas resultaron heridas.<!--more--><\/p>\n<p>En una fiesta privada en Berl\u00edn por el A\u00f1o Nuevo, 12 personas quedaron lesionadas al estallar fuegos artificiales ilegales por la noche y, de ellas, 11 fueron llevadas a hospitales, report\u00f3 la agencia dpa. Todas resultaron heridas en las piernas, dijo el s\u00e1bado una portavoz del departamento de bomberos de la capital alemana, y dijo que entre los heridos hab\u00eda un ni\u00f1o de 11 a\u00f1os.<\/p>\n<p>Varias personas m\u00e1s quedaron lesionadas en incidentes con fuegos artificiales en las ciudades alemanas de Leipzig y Hamburgo, agreg\u00f3 dpa.<\/p>\n<p>La venta de fuegos artificiales para uso personal fue prohibida este a\u00f1o en Alemania debido a la pandemia de coronavirus. Algunas personas compraron fuegos artificiales ilegales o los fabricaron, lo que increment\u00f3 el riesgo de accidentes.<\/p>\n","protected":false},"excerpt":{"rendered":"<p>AP.-Un hombre en Alemania y otro en Austria fallecieron al manejar fuegos artificiales en la Nochevieja, report\u00f3 la prensa local el s\u00e1bado. Un individuo de 37 a\u00f1os muri\u00f3 en Hennef, cerca de Bonn, en el occidente de Alemania. Un hombre de 39 a\u00f1os result\u00f3 gravemente herido en el mismo incidente y se le traslad\u00f3 a &hellip; <\/p>\n<p><a class=\"more-link btn\" href=\"https:\/\/lamendigapolitica.com\/?p=71698\">Seguir leyendo<\/a><\/p>\n","protected":false},"author":1,"featured_media":0,"comment_status":"open","ping_status":"closed","sticky":false,"template":"","format":"standard","meta":{"footnotes":""},"categories":[42,26,36,20,27,22,41],"tags":[],"class_list":["post-71698","post","type-post","status-publish","format-standard","hentry","category-clima","category-cultura","category-espectaculos","category-gobierno","category-seguridad","category-sociales","category-tecnologia","item-wrap"],"_links":{"self":[{"href":"https:\/\/lamendigapolitica.com\/index.php?rest_route=\/wp\/v2\/posts\/71698","targetHints":{"allow":["GET"]}}],"collection":[{"href":"https:\/\/lamendigapolitica.com\/index.php?rest_route=\/wp\/v2\/posts"}],"about":[{"href":"https:\/\/lamendigapolitica.com\/index.php?rest_route=\/wp\/v2\/types\/post"}],"author":[{"embeddable":true,"href":"https:\/\/lamendigapolitica.com\/index.php?rest_route=\/wp\/v2\/users\/1"}],"replies":[{"embeddable":true,"href":"https:\/\/lamendigapolitica.com\/index.php?rest_route=%2Fwp%2Fv2%2Fcomments&post=71698"}],"version-history":[{"count":1,"href":"https:\/\/lamendigapolitica.com\/index.php?rest_route=\/wp\/v2\/posts\/71698\/revisions"}],"predecessor-version":[{"id":71700,"href":"https:\/\/lamendigapolitica.com\/index.php?rest_route=\/wp\/v2\/posts\/71698\/revisions\/71700"}],"wp:attachment":[{"href":"https:\/\/lamendigapolitica.com\/index.php?rest_route=%2Fwp%2Fv2%2Fmedia&parent=71698"}],"wp:term":[{"taxonomy":"category","embeddable":true,"href":"https:\/\/lamendigapolitica.com\/index.php?rest_route=%2Fwp%2Fv2%2Fcategories&post=71698"},{"taxonomy":"post_tag","embeddable":true,"href":"https:\/\/lamendigapolitica.com\/index.php?rest_route=%2Fwp%2Fv2%2Ftags&post=71698"}],"curies":[{"name":"wp","href":"https:\/\/api.w.org\/{rel}","templated":true}]}}