{"id":71641,"date":"2021-12-25T15:31:14","date_gmt":"2021-12-25T21:31:14","guid":{"rendered":"http:\/\/lamendigapolitica.com\/?p=71641"},"modified":"2021-12-26T20:48:14","modified_gmt":"2021-12-27T02:48:14","slug":"nochevieja-en-times-square-sigue-en-pie-con-menos-publico","status":"publish","type":"post","link":"https:\/\/lamendigapolitica.com\/?p=71641","title":{"rendered":"Nochevieja en Times Square sigue en pie, con menos p\u00fablico"},"content":{"rendered":"<p><img loading=\"lazy\" decoding=\"async\" class=\"aligncenter size-full wp-image-71642\" src=\"https:\/\/lamendigapolitica.com\/blog\/wp-content\/uploads\/2021\/12\/Times-Square.jpg\" alt=\"\" width=\"1200\" height=\"800\" \/><\/p>\n<p>AP.\u2014 La celebraci\u00f3n de la Nochevieja la pr\u00f3xima semana en Times Square sigue en pie, pero no con tantos asistentes como de costumbre debido al COVID-19, seg\u00fan anunci\u00f3 el jueves el alcalde de Nueva York, Bill de Blasio.<\/p>\n<p>Las secciones donde normalmente caben unas 58.000 personas se limitar\u00e1n a unas 15.000 para permitir mayor distanciamiento, y todos los asistentes deber\u00e1n mostrar un comprobante de vacunaci\u00f3n y portar una mascarilla.<!--more--><\/p>\n<p>Estos cambios se llevan a cabo en un momento en el que Nueva York hace frente a un incremento en los casos de coronavirus, impulsado por la r\u00e1pida propagaci\u00f3n de la variante \u00f3micron. El martes, la ciudad bati\u00f3 un r\u00e9cord con 17.200 nuevos casos en un d\u00eda.<\/p>\n<p>Este aumento ha provocado la cancelaci\u00f3n de conciertos, eventos deportivos y espect\u00e1culos de Broadway, pero de todas formas De Blasio ha mostrado una marcada preferencia a que el descenso anual de la esfera de Times Square se lleve a cabo seg\u00fan lo planeado.<\/p>\n<p>Hace poco m\u00e1s de un mes, el alcalde anunci\u00f3 jubilosamente que cientos de miles de personas vacunadas volver\u00edan a asistir a la emblem\u00e1tica celebraci\u00f3n, despu\u00e9s de que el a\u00f1o pasado se viera limitada a peque\u00f1os grupos de trabajadores esenciales. Pero eso fue antes de que la \u00f3micron comenzara a propagarse velozmente.<\/p>\n<p>De Blasio dijo el jueves que la ciudad est\u00e1 monitoreando la situaci\u00f3n y que, de ser necesario, anunciar\u00e1 precauciones adicionales. Entre los otros cambios anunciados el jueves, los espectadores no podr\u00e1n acceder a los puntos de visualizaci\u00f3n sino hasta las 3 de la tarde, mucho despu\u00e9s que en a\u00f1os anteriores.<\/p>\n<p>En la Nochevieja del a\u00f1o pasado, Times Square estuvo vac\u00eda en su mayor parte, con la actuaci\u00f3n de Jennifer L\u00f3pez y otros artistas detr\u00e1s de barricadas policiales ante peque\u00f1os grupos de trabajadores esenciales.<\/p>\n<p>Despu\u00e9s de que las vacunas estuviesen ampliamente disponibles en Estados Unidos, la ciudad permiti\u00f3 que las multitudes volvieran a asistir a las celebraciones de los fuegos artificiales del 4 de julio, el desfile de Acci\u00f3n de Gracias de Macy\u2019s y otros eventos.<\/p>\n","protected":false},"excerpt":{"rendered":"<p>AP.\u2014 La celebraci\u00f3n de la Nochevieja la pr\u00f3xima semana en Times Square sigue en pie, pero no con tantos asistentes como de costumbre debido al COVID-19, seg\u00fan anunci\u00f3 el jueves el alcalde de Nueva York, Bill de Blasio. Las secciones donde normalmente caben unas 58.000 personas se limitar\u00e1n a unas 15.000 para permitir mayor distanciamiento, &hellip; <\/p>\n<p><a class=\"more-link btn\" href=\"https:\/\/lamendigapolitica.com\/?p=71641\">Seguir leyendo<\/a><\/p>\n","protected":false},"author":1,"featured_media":0,"comment_status":"open","ping_status":"closed","sticky":false,"template":"","format":"standard","meta":{"footnotes":""},"categories":[42,26,36,24],"tags":[],"class_list":["post-71641","post","type-post","status-publish","format-standard","hentry","category-clima","category-cultura","category-espectaculos","category-turismo","item-wrap"],"_links":{"self":[{"href":"https:\/\/lamendigapolitica.com\/index.php?rest_route=\/wp\/v2\/posts\/71641","targetHints":{"allow":["GET"]}}],"collection":[{"href":"https:\/\/lamendigapolitica.com\/index.php?rest_route=\/wp\/v2\/posts"}],"about":[{"href":"https:\/\/lamendigapolitica.com\/index.php?rest_route=\/wp\/v2\/types\/post"}],"author":[{"embeddable":true,"href":"https:\/\/lamendigapolitica.com\/index.php?rest_route=\/wp\/v2\/users\/1"}],"replies":[{"embeddable":true,"href":"https:\/\/lamendigapolitica.com\/index.php?rest_route=%2Fwp%2Fv2%2Fcomments&post=71641"}],"version-history":[{"count":1,"href":"https:\/\/lamendigapolitica.com\/index.php?rest_route=\/wp\/v2\/posts\/71641\/revisions"}],"predecessor-version":[{"id":71643,"href":"https:\/\/lamendigapolitica.com\/index.php?rest_route=\/wp\/v2\/posts\/71641\/revisions\/71643"}],"wp:attachment":[{"href":"https:\/\/lamendigapolitica.com\/index.php?rest_route=%2Fwp%2Fv2%2Fmedia&parent=71641"}],"wp:term":[{"taxonomy":"category","embeddable":true,"href":"https:\/\/lamendigapolitica.com\/index.php?rest_route=%2Fwp%2Fv2%2Fcategories&post=71641"},{"taxonomy":"post_tag","embeddable":true,"href":"https:\/\/lamendigapolitica.com\/index.php?rest_route=%2Fwp%2Fv2%2Ftags&post=71641"}],"curies":[{"name":"wp","href":"https:\/\/api.w.org\/{rel}","templated":true}]}}