{"id":71558,"date":"2021-12-13T20:40:07","date_gmt":"2021-12-14T02:40:07","guid":{"rendered":"http:\/\/lamendigapolitica.com\/?p=71558"},"modified":"2021-12-13T20:40:07","modified_gmt":"2021-12-14T02:40:07","slug":"las-miradas-del-mundo-del-fotografo-eduardo-lopez-moreno-en-el-musa","status":"publish","type":"post","link":"https:\/\/lamendigapolitica.com\/?p=71558","title":{"rendered":"\u201cLas miradas del mundo\u201d, del fot\u00f3grafo Eduardo L\u00f3pez Moreno en el MUSA"},"content":{"rendered":"<p><img loading=\"lazy\" decoding=\"async\" class=\"aligncenter size-full wp-image-71559\" src=\"https:\/\/lamendigapolitica.com\/blog\/wp-content\/uploads\/2021\/12\/img_7357-scaled.jpg\" alt=\"\" width=\"2560\" height=\"1707\" \/><\/p>\n<p>&nbsp;<\/p>\n<p>El fot\u00f3grafo muestra 63 fotograf\u00edas que datan desde 1998 hasta 2021<\/p>\n<p>El mundo y sus realidades es el tema central de la muestra fotogr\u00e1fica de Eduardo L\u00f3pez Moreno, que se exhibe en el Museo de las Artes Universidad de Guadalajara (MUSA), y que podr\u00e1 ser apreciada por los interesados del 11 de diciembre de este a\u00f1o hasta el 13 de febrero de 2022.<!--more--><\/p>\n<p>Esta exhibici\u00f3n incluye escenas de varias localidades del orbe en las que la gente es protagonista central de las historias que sugieren. Algunos pa\u00edses o lugares en que fueron tomadas las im\u00e1genes son Kenia, Tanzania, India, Angola, Yibuti, L\u00edbano, India, Malasia, Espa\u00f1a, Bolivia, adem\u00e1s de Ciudad de M\u00e9xico y Chapala, Jalisco.<\/p>\n<p>\u201cSon del tiempo de las personas, pero tambi\u00e9n las personas en diferentes tiempos\u201d, es lo que menciona el autor acerca de las estampas capturadas en aquellos lugares que ha tenido oportunidad de visitar como parte de la labor que realiza en ONU-H\u00e1bitat como director de Investigaci\u00f3n y Construcci\u00f3n de Capacidades en la oficina sede de Nairobi, Kenia.<\/p>\n<p>Las miradas del mundo es el nombre de la exposici\u00f3n que consta de 63 fotograf\u00edas. Las cuales datan desde 1998 hasta 2021. La exposici\u00f3n est\u00e1 dividida en siete m\u00f3dulos: 1. Encubiertas; 2. Invidentes; 3. Realidades diferentes; 4. Con el mundo encima; 5. Retratos callejeros; 6. Refugiados y 7. Ocupando la calle.<\/p>\n<p>La exposici\u00f3n se logr\u00f3 con la colaboraci\u00f3n de La University of Guadalajara Foundation y el Legado Grodman, y fue inaugurada el 10 de diciembre de 2021, a las 20:30 horas.<\/p>\n<p>\u201cLa fotograf\u00eda me permiti\u00f3 a aspirar a retratar la igualdad, y no la diferencia, a retratar en las calles y en la gente lo que nos hace, en gran medida, la humanidad que somos\u201d, cuenta el fot\u00f3grafo Eduardo L\u00f3pez Moreno.<\/p>\n<p>Se\u00f1al\u00f3 que no tuvo \u00e9xito en su aspiraci\u00f3n a captar la igualdad. \u201cNo lo tuve porque esas fotograf\u00edas en las que aspiraba a presentar las cosas iguales, en el fondo siempre prevaleci\u00f3 la desigualdad, pero una desigualdad que no es conceptual; la desigualdad que llega siempre de la mano con su hermana la injusticia, y esta tiene caras de ni\u00f1os, de mujeres, tiene muchas miradas que piden atenci\u00f3n, reconocimiento ayuda y ser\u201d.<\/p>\n<p>\u201cCuando visit\u00e9 campos de refugiados descubr\u00ed que no hay calles, y que las pocas que hay pierden r\u00e1pido la memoria de su trazo, y se convierten en barricadas, en alambres de p\u00faas, y en el interior viven 300 mil personas, el 75 por ciento de ellas toda su vida. Viven en un mundo en donde hay muy poca luz para su futuro\u201d.<\/p>\n<p>La directora del MUSA, maestra Maribel Arteaga Garibay, en representaci\u00f3n del Rector General de la UdeG, doctor Ricardo Villanueva Lomel\u00ed, destac\u00f3 que Eduardo L\u00f3pez Moreno es uno de los mejores fot\u00f3grafos que existen en la actualidad, y se refiri\u00f3 a los alcances cosmopolitas de sus encuadres, que lo han convertido en un ciudadano global.<\/p>\n<p>Eduardo L\u00f3pez Moreno ha sido galardonado con varios premios internacionales de fotograf\u00eda. Se le considera un fot\u00f3grafo social.<\/p>\n<p>Actualmente, prepara un libro titulado Calles del mundo y su gente, con breves narrativas que acompa\u00f1an a las im\u00e1genes. En 2017 obtuvo el prestigioso premio Cartier-Bresson, denominado as\u00ed en honor al legendario fot\u00f3grafo franc\u00e9s. Recibi\u00f3 medalla de bronce en el Concurso Internacional de Par\u00eds y obtuvo el primer lugar en el Nueva York PHOTO + PDN. Recibi\u00f3 el primer lugar en la famosa competencia rusa 35 Awards. Ha sido reconocido entre los cien mejores fot\u00f3grafos del a\u00f1o por la comunidad profesional de fotograf\u00eda 35photo.pro.<\/p>\n","protected":false},"excerpt":{"rendered":"<p>&nbsp; El fot\u00f3grafo muestra 63 fotograf\u00edas que datan desde 1998 hasta 2021 El mundo y sus realidades es el tema central de la muestra fotogr\u00e1fica de Eduardo L\u00f3pez Moreno, que se exhibe en el Museo de las Artes Universidad de Guadalajara (MUSA), y que podr\u00e1 ser apreciada por los interesados del 11 de diciembre de &hellip; <\/p>\n<p><a class=\"more-link btn\" href=\"https:\/\/lamendigapolitica.com\/?p=71558\">Seguir leyendo<\/a><\/p>\n","protected":false},"author":1,"featured_media":0,"comment_status":"open","ping_status":"closed","sticky":false,"template":"","format":"standard","meta":{"footnotes":""},"categories":[26,28,36,22,24],"tags":[],"class_list":["post-71558","post","type-post","status-publish","format-standard","hentry","category-cultura","category-educacion","category-espectaculos","category-sociales","category-turismo","item-wrap"],"_links":{"self":[{"href":"https:\/\/lamendigapolitica.com\/index.php?rest_route=\/wp\/v2\/posts\/71558","targetHints":{"allow":["GET"]}}],"collection":[{"href":"https:\/\/lamendigapolitica.com\/index.php?rest_route=\/wp\/v2\/posts"}],"about":[{"href":"https:\/\/lamendigapolitica.com\/index.php?rest_route=\/wp\/v2\/types\/post"}],"author":[{"embeddable":true,"href":"https:\/\/lamendigapolitica.com\/index.php?rest_route=\/wp\/v2\/users\/1"}],"replies":[{"embeddable":true,"href":"https:\/\/lamendigapolitica.com\/index.php?rest_route=%2Fwp%2Fv2%2Fcomments&post=71558"}],"version-history":[{"count":1,"href":"https:\/\/lamendigapolitica.com\/index.php?rest_route=\/wp\/v2\/posts\/71558\/revisions"}],"predecessor-version":[{"id":71560,"href":"https:\/\/lamendigapolitica.com\/index.php?rest_route=\/wp\/v2\/posts\/71558\/revisions\/71560"}],"wp:attachment":[{"href":"https:\/\/lamendigapolitica.com\/index.php?rest_route=%2Fwp%2Fv2%2Fmedia&parent=71558"}],"wp:term":[{"taxonomy":"category","embeddable":true,"href":"https:\/\/lamendigapolitica.com\/index.php?rest_route=%2Fwp%2Fv2%2Fcategories&post=71558"},{"taxonomy":"post_tag","embeddable":true,"href":"https:\/\/lamendigapolitica.com\/index.php?rest_route=%2Fwp%2Fv2%2Ftags&post=71558"}],"curies":[{"name":"wp","href":"https:\/\/api.w.org\/{rel}","templated":true}]}}