{"id":71555,"date":"2021-12-13T20:31:55","date_gmt":"2021-12-14T02:31:55","guid":{"rendered":"http:\/\/lamendigapolitica.com\/?p=71555"},"modified":"2021-12-13T20:31:55","modified_gmt":"2021-12-14T02:31:55","slug":"aprueban-homenaje-a-vicente-fernandez-en-congreso-de-jalisco","status":"publish","type":"post","link":"https:\/\/lamendigapolitica.com\/?p=71555","title":{"rendered":"Aprueban homenaje a Vicente Fern\u00e1ndez en Congreso de Jalisco"},"content":{"rendered":"<p><img decoding=\"async\" class=\"aligncenter size-full wp-image-71556\" src=\"https:\/\/lamendigapolitica.com\/blog\/wp-content\/uploads\/2021\/12\/vf.jpg\" alt=\"\" \/><\/p>\n<p class=\"x_MsoNormal\">La Junta de Coordinaci\u00f3n Pol\u00edtica que preside el diputado Jos\u00e9 Mar\u00eda Mart\u00ednez Mart\u00ednez, aval\u00f3 que el d\u00eda de ma\u00f1ana, en sesi\u00f3n de Asamblea, los diputados integrantes de la LXIII Legislatura realicen un homenaje post mortem en honor del cantante de m\u00fasica ranchera, Vicente Fern\u00e1ndez G\u00f3mez.<\/p>\n<p class=\"x_MsoNormal\">Asimismo, se acord\u00f3 que sea el legislador Gerardo Quirino Vel\u00e1zquez Gonz\u00e1lez quien emita un posicionamiento a nombre de todas las fuerzas pol\u00edticas que integran este Poder.<!--more--><\/p>\n<p>La propuesta ser\u00e1 votada este martes en sesi\u00f3n de pleno, en la justificaci\u00f3n del acuerdo se destaca la trayectoria del int\u00e9rprete que por m\u00e1s de 50 a\u00f1os mantuvo su posici\u00f3n como el m\u00e1s grande cantante en M\u00e9xico con m\u00e1s de 70 millones de discos vendidos, m\u00e1s de 25 pel\u00edculas, gan\u00f3 ocho Grammy Latino, 3 Grammy y 14 Premios Lo Nuestro.<\/p>\n<p>Asimismo, fue distinguido con el premio \u201cPersona del A\u00f1o\u201d otorgado por la Academia Latina de Grabaci\u00f3n, adem\u00e1s de m\u00faltiples discos de Oro, Platino y Diamante; y una estrella en el Paseo de la Fama de Hollywood.<\/p>\n","protected":false},"excerpt":{"rendered":"<p>La Junta de Coordinaci\u00f3n Pol\u00edtica que preside el diputado Jos\u00e9 Mar\u00eda Mart\u00ednez Mart\u00ednez, aval\u00f3 que el d\u00eda de ma\u00f1ana, en sesi\u00f3n de Asamblea, los diputados integrantes de la LXIII Legislatura realicen un homenaje post mortem en honor del cantante de m\u00fasica ranchera, Vicente Fern\u00e1ndez G\u00f3mez. Asimismo, se acord\u00f3 que sea el legislador Gerardo Quirino Vel\u00e1zquez &hellip; <\/p>\n<p><a class=\"more-link btn\" href=\"https:\/\/lamendigapolitica.com\/?p=71555\">Seguir leyendo<\/a><\/p>\n","protected":false},"author":1,"featured_media":0,"comment_status":"open","ping_status":"closed","sticky":false,"template":"","format":"standard","meta":{"footnotes":""},"categories":[97,6,26,36],"tags":[],"class_list":["post-71555","post","type-post","status-publish","format-standard","hentry","category-comunicacion","category-congreso","category-cultura","category-espectaculos","item-wrap"],"_links":{"self":[{"href":"https:\/\/lamendigapolitica.com\/index.php?rest_route=\/wp\/v2\/posts\/71555","targetHints":{"allow":["GET"]}}],"collection":[{"href":"https:\/\/lamendigapolitica.com\/index.php?rest_route=\/wp\/v2\/posts"}],"about":[{"href":"https:\/\/lamendigapolitica.com\/index.php?rest_route=\/wp\/v2\/types\/post"}],"author":[{"embeddable":true,"href":"https:\/\/lamendigapolitica.com\/index.php?rest_route=\/wp\/v2\/users\/1"}],"replies":[{"embeddable":true,"href":"https:\/\/lamendigapolitica.com\/index.php?rest_route=%2Fwp%2Fv2%2Fcomments&post=71555"}],"version-history":[{"count":1,"href":"https:\/\/lamendigapolitica.com\/index.php?rest_route=\/wp\/v2\/posts\/71555\/revisions"}],"predecessor-version":[{"id":71557,"href":"https:\/\/lamendigapolitica.com\/index.php?rest_route=\/wp\/v2\/posts\/71555\/revisions\/71557"}],"wp:attachment":[{"href":"https:\/\/lamendigapolitica.com\/index.php?rest_route=%2Fwp%2Fv2%2Fmedia&parent=71555"}],"wp:term":[{"taxonomy":"category","embeddable":true,"href":"https:\/\/lamendigapolitica.com\/index.php?rest_route=%2Fwp%2Fv2%2Fcategories&post=71555"},{"taxonomy":"post_tag","embeddable":true,"href":"https:\/\/lamendigapolitica.com\/index.php?rest_route=%2Fwp%2Fv2%2Ftags&post=71555"}],"curies":[{"name":"wp","href":"https:\/\/api.w.org\/{rel}","templated":true}]}}