{"id":71425,"date":"2021-11-30T22:55:12","date_gmt":"2021-12-01T04:55:12","guid":{"rendered":"http:\/\/lamendigapolitica.com\/?p=71425"},"modified":"2021-11-30T22:55:12","modified_gmt":"2021-12-01T04:55:12","slug":"en-los-35-anos-de-la-fil-a-ningun-autor-se-le-ha-pagado-por-concepto-de-honorarios","status":"publish","type":"post","link":"https:\/\/lamendigapolitica.com\/?p=71425","title":{"rendered":"En los 35 a\u00f1os de la FIL, a ning\u00fan autor se le ha pagado por concepto de honorarios"},"content":{"rendered":"<p><img loading=\"lazy\" decoding=\"async\" class=\"aligncenter size-full wp-image-71436\" src=\"https:\/\/lamendigapolitica.com\/blog\/wp-content\/uploads\/2021\/11\/429189a0-5620-4ac0-a67f-8c7f6c1aef9b.jpg\" alt=\"\" width=\"1280\" height=\"960\" \/><\/p>\n<p>La Feria Internacional del Libro de Guadalajara, iniciativa de la UdeG, ha sido una f\u00e9rrea defensora del libro, del pluralismo, de las libertades y el derecho a disentir<\/p>\n<p>En relaci\u00f3n con los comentarios del licenciado Andr\u00e9s Manuel L\u00f3pez Obrador, presidente constitucional de los Estados Unidos Mexicanos, vertidos el 29 de noviembre del a\u00f1o en curso en su conferencia de prensa matutina, al respecto de la Feria Internacional del Libro de Guadalajara (FIL), la Universidad de Guadalajara precisa que en sus 35 ediciones, la FIL ha sido una f\u00e9rrea defensora del libro, del pluralismo, las libertades, la diversidad y el derecho a disentir, as\u00ed como un importante agente promotor de la lectura y una plataforma para la industria editorial de Iberoam\u00e9rica, aclaran en comunicado a los medios.<!--more--><\/p>\n<p>Esta feria es una iniciativa de la Universidad de Guadalajara y comparte con nuestra Casa de Estudio el esp\u00edritu de debate plural, como lo demuestran cada una de las personas que han participado en sus programas: autores, pensadores, divulgadores de ciencia y figuras p\u00fablicas de todo el orbe y todas las corrientes de pensamiento.<\/p>\n<p>La FIL se ha consolidado como el principal festival literario en nuestro idioma, de lo que dan cuenta los miles de escritores provenientes de todos los pa\u00edses de nuestro \u00e1mbito ling\u00fc\u00edstico que han acudido desde la primera edici\u00f3n, en 1987, a participar en distintas actividades y, sobre todo, a tener un intercambio, invaluable con sus lectores.<\/p>\n<p>Los diversos programas de la FIL se han nutrido, desde sus inicios, no s\u00f3lo de las propuestas del Comit\u00e9 Organizador, sino tambi\u00e9n de la invaluable colaboraci\u00f3n de numerosas instituciones, muy particularmente de las casas editoriales, que han contribuido a robustecer las actividades que dan vida cada a\u00f1o a nuestra Feria.<\/p>\n<p>Es en ese contexto, y con la generosa participaci\u00f3n de las editoriales que publican la obra del Premio Nobel de Literatura Mario Vargas Llosa, que este reconocid\u00edsimo autor peruano, ha podido estar presente en nueve ocasiones, como parte del programa literario de la FIL Guadalajara. De esas nueve visitas, la feria ha contribuido en tres ocasiones al pago de hospedaje o traslados de este importante escritor, lo que es una pr\u00e1ctica com\u00fan en todos los festivales literarios internacionales. Es decir, la presencia en la FIL de Mario Vargas Llosa ha sido posible gracias a la aportaci\u00f3n econ\u00f3mica de sus editores.<\/p>\n<p>Queremos enfatizar que ni a Mario Vargas Llosa, ni a ninguno de los autores que nos han acompa\u00f1ado en estos 35 a\u00f1os de actividad, se les ha pagado un solo centavo por concepto de honorarios.<\/p>\n<p>En esta edici\u00f3n de reencuentro, la Feria se ha caracterizado por la alegr\u00eda de sus visitantes, y ese es el esp\u00edritu que ha predominado durante 35 a\u00f1os.<\/p>\n<p>&nbsp;<\/p>\n","protected":false},"excerpt":{"rendered":"<p>La Feria Internacional del Libro de Guadalajara, iniciativa de la UdeG, ha sido una f\u00e9rrea defensora del libro, del pluralismo, de las libertades y el derecho a disentir En relaci\u00f3n con los comentarios del licenciado Andr\u00e9s Manuel L\u00f3pez Obrador, presidente constitucional de los Estados Unidos Mexicanos, vertidos el 29 de noviembre del a\u00f1o en curso &hellip; <\/p>\n<p><a class=\"more-link btn\" href=\"https:\/\/lamendigapolitica.com\/?p=71425\">Seguir leyendo<\/a><\/p>\n","protected":false},"author":1,"featured_media":0,"comment_status":"open","ping_status":"closed","sticky":false,"template":"","format":"standard","meta":{"footnotes":""},"categories":[97,26,36,22],"tags":[],"class_list":["post-71425","post","type-post","status-publish","format-standard","hentry","category-comunicacion","category-cultura","category-espectaculos","category-sociales","item-wrap"],"_links":{"self":[{"href":"https:\/\/lamendigapolitica.com\/index.php?rest_route=\/wp\/v2\/posts\/71425","targetHints":{"allow":["GET"]}}],"collection":[{"href":"https:\/\/lamendigapolitica.com\/index.php?rest_route=\/wp\/v2\/posts"}],"about":[{"href":"https:\/\/lamendigapolitica.com\/index.php?rest_route=\/wp\/v2\/types\/post"}],"author":[{"embeddable":true,"href":"https:\/\/lamendigapolitica.com\/index.php?rest_route=\/wp\/v2\/users\/1"}],"replies":[{"embeddable":true,"href":"https:\/\/lamendigapolitica.com\/index.php?rest_route=%2Fwp%2Fv2%2Fcomments&post=71425"}],"version-history":[{"count":2,"href":"https:\/\/lamendigapolitica.com\/index.php?rest_route=\/wp\/v2\/posts\/71425\/revisions"}],"predecessor-version":[{"id":71437,"href":"https:\/\/lamendigapolitica.com\/index.php?rest_route=\/wp\/v2\/posts\/71425\/revisions\/71437"}],"wp:attachment":[{"href":"https:\/\/lamendigapolitica.com\/index.php?rest_route=%2Fwp%2Fv2%2Fmedia&parent=71425"}],"wp:term":[{"taxonomy":"category","embeddable":true,"href":"https:\/\/lamendigapolitica.com\/index.php?rest_route=%2Fwp%2Fv2%2Fcategories&post=71425"},{"taxonomy":"post_tag","embeddable":true,"href":"https:\/\/lamendigapolitica.com\/index.php?rest_route=%2Fwp%2Fv2%2Ftags&post=71425"}],"curies":[{"name":"wp","href":"https:\/\/api.w.org\/{rel}","templated":true}]}}