{"id":71390,"date":"2021-11-26T12:37:59","date_gmt":"2021-11-26T18:37:59","guid":{"rendered":"http:\/\/lamendigapolitica.com\/?p=71390"},"modified":"2021-11-26T12:37:59","modified_gmt":"2021-11-26T18:37:59","slug":"policia-de-guadalajara-vigilara-la-fil","status":"publish","type":"post","link":"https:\/\/lamendigapolitica.com\/?p=71390","title":{"rendered":"Polic\u00eda de Guadalajara vigilar\u00e1 la FIL"},"content":{"rendered":"<p><img loading=\"lazy\" decoding=\"async\" class=\"aligncenter size-full wp-image-71392\" src=\"https:\/\/lamendigapolitica.com\/blog\/wp-content\/uploads\/2021\/11\/fil-scaled.jpg\" alt=\"\" width=\"2560\" height=\"1244\" \/><br \/>\n*Se contar\u00e1 con elementos en bici, moto y del K9<\/p>\n<p>La Comisar\u00eda de Guadalajara destinar\u00e1 cincuenta polic\u00edas de Guadalajara a la vigilancia de la Feria Internacional del Libro en su edici\u00f3n 35 que se celebrar\u00e1 del 27 de noviembre al 5 de diciembre del 2021.<\/p>\n<p>Este a\u00f1o, el invitado especial es Per\u00fa y se contar\u00e1 con personal pie tierra en el interior de la plaza, que se complementar\u00e1n con elementos del K9 y ciclopolic\u00edas en los alrededores.<\/p>\n<p>Adem\u00e1s en las Avenidas aleda\u00f1as como Las Rosas y Mariano Otero habr\u00e1 recorridos de vigilancia en patrullas y motocicletas.<\/p>\n<p>Los elementos se coordinar\u00e1n para el patrullaje en los alrededores con elementos de la Comisar\u00eda de Zapopan como parte del Operativo Sin Fronteras.<\/p>\n<p>La Comisar\u00eda de Guadalajara recuerda a la ciudadan\u00eda que es importante mantener las medidas preventivas por la pandemia del Covid-19, mantener la sana distancia, usar siempre cubrebocas y lavar sus manos constantemente o utilizar gel antibacterial.<\/p>\n","protected":false},"excerpt":{"rendered":"<p>*Se contar\u00e1 con elementos en bici, moto y del K9 La Comisar\u00eda de Guadalajara destinar\u00e1 cincuenta polic\u00edas de Guadalajara a la vigilancia de la Feria Internacional del Libro en su edici\u00f3n 35 que se celebrar\u00e1 del 27 de noviembre al 5 de diciembre del 2021. Este a\u00f1o, el invitado especial es Per\u00fa y se contar\u00e1 &hellip; <\/p>\n<p><a class=\"more-link btn\" href=\"https:\/\/lamendigapolitica.com\/?p=71390\">Seguir leyendo<\/a><\/p>\n","protected":false},"author":1,"featured_media":0,"comment_status":"open","ping_status":"closed","sticky":false,"template":"","format":"standard","meta":{"footnotes":""},"categories":[26,28,36,20,31,27,22,41,24],"tags":[],"class_list":["post-71390","post","type-post","status-publish","format-standard","hentry","category-cultura","category-educacion","category-espectaculos","category-gobierno","category-internacional","category-seguridad","category-sociales","category-tecnologia","category-turismo","item-wrap"],"_links":{"self":[{"href":"https:\/\/lamendigapolitica.com\/index.php?rest_route=\/wp\/v2\/posts\/71390","targetHints":{"allow":["GET"]}}],"collection":[{"href":"https:\/\/lamendigapolitica.com\/index.php?rest_route=\/wp\/v2\/posts"}],"about":[{"href":"https:\/\/lamendigapolitica.com\/index.php?rest_route=\/wp\/v2\/types\/post"}],"author":[{"embeddable":true,"href":"https:\/\/lamendigapolitica.com\/index.php?rest_route=\/wp\/v2\/users\/1"}],"replies":[{"embeddable":true,"href":"https:\/\/lamendigapolitica.com\/index.php?rest_route=%2Fwp%2Fv2%2Fcomments&post=71390"}],"version-history":[{"count":1,"href":"https:\/\/lamendigapolitica.com\/index.php?rest_route=\/wp\/v2\/posts\/71390\/revisions"}],"predecessor-version":[{"id":71393,"href":"https:\/\/lamendigapolitica.com\/index.php?rest_route=\/wp\/v2\/posts\/71390\/revisions\/71393"}],"wp:attachment":[{"href":"https:\/\/lamendigapolitica.com\/index.php?rest_route=%2Fwp%2Fv2%2Fmedia&parent=71390"}],"wp:term":[{"taxonomy":"category","embeddable":true,"href":"https:\/\/lamendigapolitica.com\/index.php?rest_route=%2Fwp%2Fv2%2Fcategories&post=71390"},{"taxonomy":"post_tag","embeddable":true,"href":"https:\/\/lamendigapolitica.com\/index.php?rest_route=%2Fwp%2Fv2%2Ftags&post=71390"}],"curies":[{"name":"wp","href":"https:\/\/api.w.org\/{rel}","templated":true}]}}