{"id":71387,"date":"2021-11-26T12:22:27","date_gmt":"2021-11-26T18:22:27","guid":{"rendered":"http:\/\/lamendigapolitica.com\/?p=71387"},"modified":"2021-11-26T12:22:27","modified_gmt":"2021-11-26T18:22:27","slug":"inauguran-salas-de-la-charreria-y-el-mariachi-tradicional-en-el-museo-de-la-ciudad","status":"publish","type":"post","link":"https:\/\/lamendigapolitica.com\/?p=71387","title":{"rendered":"Inauguran salas de la charrer\u00eda y el mariachi tradicional en el museo de la ciudad"},"content":{"rendered":"<p><img loading=\"lazy\" decoding=\"async\" class=\"aligncenter size-full wp-image-71388\" src=\"https:\/\/lamendigapolitica.com\/blog\/wp-content\/uploads\/2021\/11\/51705616448_ef62b2e68f_c.jpg\" alt=\"\" width=\"799\" height=\"533\" srcset=\"https:\/\/lamendigapolitica.com\/wp-content\/uploads\/2021\/11\/51705616448_ef62b2e68f_c.jpg 799w, https:\/\/lamendigapolitica.com\/wp-content\/uploads\/2021\/11\/51705616448_ef62b2e68f_c-300x200.jpg 300w, https:\/\/lamendigapolitica.com\/wp-content\/uploads\/2021\/11\/51705616448_ef62b2e68f_c-768x512.jpg 768w, https:\/\/lamendigapolitica.com\/wp-content\/uploads\/2021\/11\/51705616448_ef62b2e68f_c-555x370.jpg 555w\" sizes=\"auto, (max-width: 799px) 100vw, 799px\" \/><\/p>\n<p>Hay 72 piezas relativas a la charrer\u00eda como espuelas, esculturas en miniatura, esculturas, pinturas, sables, sombrero, monturas, vestuarios, adem\u00e1s de 20 objetos relativos al mariachi tradicional, como son instrumentos y vestuarios son las partes que integran esta muestra<\/p>\n<p>La inauguraci\u00f3n de esta salas es el resultado de un esfuerzo colaborativo entre el Gobierno de Guadalajara y grupos de la sociedad civil<!--more--><\/p>\n<p>Con el objetivo de ofrecer un espacio dedicado a promover dos de las expresiones culturales que son de los \u00edconos m\u00e1s representativos de M\u00e9xico en el mundo \u2014la charrer\u00eda y el mariachi\u2014, el Gobierno de Guadalajara encabezado por el Presidente Municipal Pablo Lemus, junto con grupos de la sociedad civil organizada, inaugur\u00f3 la salas de la charrer\u00eda y el mariachi Tradicional en el Museo de la Ciudad.<\/p>\n<p>El Alcalde se\u00f1al\u00f3 la importancia de promover y preservar las expresiones culturales para Guadalajara, por eso desde que inici\u00f3 su gesti\u00f3n al frente del Gobierno Municipal, uno de sus compromisos fue rescatar el Centro Hist\u00f3rico, llen\u00e1ndolo de diversos contenidos art\u00edsticos y culturales.<\/p>\n<p>\u201cEl d\u00eda de hoy gracias a ustedes estamos abriendo esta sala del mariachi y esta sala de la charrer\u00eda como un atractivo m\u00e1s para las tapat\u00edas, los tapat\u00edos y para nuestros visitantes distinguidos; para nosotros de verdad esto fortalece a nuestra ciudad, pero sobre todo fortalece lo que somos verdaderamente. Nuestra tradici\u00f3n de la charrer\u00eda y del mariachi es algo que adem\u00e1s de la declaratoria que se tiene por parte de la UNESCO, es algo que nosotros presumimos a nivel internacional\u201d, asever\u00f3 primer edil.<\/p>\n<p>Pablo Lemus agradeci\u00f3 a las dos asociaciones porque sin ellas no se hubiera materializado este gran proyecto para preservar las tradiciones de nuestra tierra.<\/p>\n<p>\u201cGracias de verdad porque me apasiona lo que estamos haciendo juntos, este logro no es nuestro, este logro es de ustedes, ustedes son los que le dieron forma, nosotros simple y sencillamente fuimos facilitadores para que pudiera suceder. \u00a1Que viva Guadalajara!, \u00a1Que viva Jalisco\u00a1, \u00a1Y que viva M\u00e9xico!\u201d, concluy\u00f3.<\/p>\n<p>La inauguraci\u00f3n de esta salas es el resultado de un esfuerzo colaborativo entre el Gobierno de Guadalajara, la organizaci\u00f3n \u201cLa Charrer\u00eda somos todos, representada por Ricardo Zerme\u00f1o y la Asociaci\u00f3n Nacional del Mariachi Tradicional, encabezada por Juan de Dios Valverde, esto con el simple prop\u00f3sito de preservar, visibilizar las manifestaciones culturales y fortalecer nuestra identidad.<\/p>\n<p>Es un espacio p\u00fablico de exposici\u00f3n en torno al mariachi y la charrer\u00eda en Jalisco, el primero con dichas caracter\u00edsticas en el \u00c1rea Metropolitana de Guadalajara.<\/p>\n<p>Las muestras presentadas en ambas salas fueron entregadas en comodato al gobierno tapat\u00edo para su manejo, resguardo y exhibici\u00f3n, y est\u00e1n integradas de la siguiente manera:<\/p>\n<p>-72 piezas relativas a la charrer\u00eda, como espuelas, esculturas en miniatura, escultura y pintura, sables, sombrero, monturas y vestuarios. Destacando una silla de montar con herrajes en plata que ha sido expuesta en diversos espacios en Europa.<\/p>\n<p>-20 objetos relativos al mariachi tradicional, como son instrumentos, vestimentas y adornos.<\/p>\n<p>Ricardo Zerme\u00f1o, de la organizaci\u00f3n \u201cLa Charrer\u00eda somos todos\u201d, dijo sentirse orgulloso que a trav\u00e9s de la charrer\u00eda puedan pregonar el orgullo de ser tapat\u00edos.<\/p>\n<p>\u201c\u00bfQu\u00e9 es ser charro y ser tapat\u00edo?, conlleva a un gran compromiso, pero tambi\u00e9n profundo significado, un charro al nacer es un caballero. Esta noche el Ayuntamiento de Guadalajara y la asociaci\u00f3n civil, La Charrer\u00eda Somos Todos nos encontramos, porque estamos trabajando juntos para dar a Guadalajara lo que siempre debi\u00f3 haber tenido, un museo que rinde homenaje a su pueblo, a sus costumbres, a su esencia, a su identidad y a su esp\u00edritu\u201d.<\/p>\n<p>Es importante se\u00f1alar que ambas manifestaciones culturales, tanto la charrer\u00eda como el mariachi, est\u00e1n inscritas en la Lista Representativa del Patrimonio Cultural Inmaterial de la Humanidad ante la Organizaci\u00f3n de las Naciones Unidas para la Educaci\u00f3n, la Ciencia y la Cultura \u2013UNESCO\u2014.<\/p>\n<p>La Charrer\u00eda: Es una pr\u00e1ctica tradicional de comunidades de M\u00e9xico dedicadas a la cr\u00eda y el pastoreo del ganado a caballo. Las t\u00e9cnicas de esta pr\u00e1ctica se transmit\u00edan a las generaciones m\u00e1s j\u00f3venes en el seno de las familias.<\/p>\n<p>Son artesanos locales son los que dise\u00f1an y fabrican la vestimenta, el equipamiento, las sillas de montar y las espuelas que forman parte del arte tradicional de los charros.<\/p>\n<p>La charrer\u00eda es un elemento importante de la identidad y el patrimonio cultural de las comunidades depositarias de esta tradici\u00f3n, que la consideran un medio de transmitir a las nuevas generaciones algunos valores sociales importantes como el respeto y la igualdad de todos los miembros de la comunidad.<\/p>\n<p>El Mariachi: Esta manifestaci\u00f3n cumple su d\u00e9cimo aniversario ya que el 27 de noviembre de 2011 se declar\u00f3 al Mariachi, M\u00fasica de Cuerdas, Canto y Trompeta como parte de la Lista Representativa del Patrimonio Cultural Inmaterial de la Humanidad por la UNESCO.<\/p>\n<p>Jalisco es uno de los principales impulsores de la m\u00fasica mariachi y organiza el Encuentro Internacional de Mariachi y Charrer\u00eda desde 1994, promoviendo as\u00ed la concienciaci\u00f3n y estableciendo el intercambio de t\u00e9cnicas y cantos entre los mariachis en M\u00e9xico y el mundo.<\/p>\n<p>Desde el arranque de la presente administraci\u00f3n municipal de Guadalajara, uno de los principales ejes de gobierno es fortalecer todas las expresiones culturales, as\u00ed como dar a conocer al mundo nuestras tradiciones y s\u00edmbolos de identidad; es por ello que se puso en marcha en el centro de la ciudad, el programa \u201cAl Son Que Me Toquen\u201d, en el que asistentes locales y visitantes se deleitan cada fin de semana con el folclor y colorido a trav\u00e9s de la m\u00fasica del mariachi y el ballet folcl\u00f3rico, teniendo como escenario sitios ic\u00f3nicos del coraz\u00f3n de la ciudad, como el Paseo Fray Antonio Alcalde.<\/p>\n<p>El Museo de la Ciudad se encuentra ubicado en calle Independencia No. 684, Col. Centro, Guadalajara, Jalisco. El horario de atenci\u00f3n a los visitantes es de martes a s\u00e1bado de 10:00 a 17:30 horas y domingos de 10:00 a 14:30 horas. Las salas de la charrer\u00eda y el mariachi tradicional se encuentran en la planta alta de este recinto.<\/p>\n","protected":false},"excerpt":{"rendered":"<p>Hay 72 piezas relativas a la charrer\u00eda como espuelas, esculturas en miniatura, esculturas, pinturas, sables, sombrero, monturas, vestuarios, adem\u00e1s de 20 objetos relativos al mariachi tradicional, como son instrumentos y vestuarios son las partes que integran esta muestra La inauguraci\u00f3n de esta salas es el resultado de un esfuerzo colaborativo entre el Gobierno de Guadalajara &hellip; <\/p>\n<p><a class=\"more-link btn\" href=\"https:\/\/lamendigapolitica.com\/?p=71387\">Seguir leyendo<\/a><\/p>\n","protected":false},"author":1,"featured_media":0,"comment_status":"open","ping_status":"closed","sticky":false,"template":"","format":"standard","meta":{"footnotes":""},"categories":[26,23,36,20,22,24],"tags":[],"class_list":["post-71387","post","type-post","status-publish","format-standard","hentry","category-cultura","category-deportes","category-espectaculos","category-gobierno","category-sociales","category-turismo","item-wrap"],"_links":{"self":[{"href":"https:\/\/lamendigapolitica.com\/index.php?rest_route=\/wp\/v2\/posts\/71387","targetHints":{"allow":["GET"]}}],"collection":[{"href":"https:\/\/lamendigapolitica.com\/index.php?rest_route=\/wp\/v2\/posts"}],"about":[{"href":"https:\/\/lamendigapolitica.com\/index.php?rest_route=\/wp\/v2\/types\/post"}],"author":[{"embeddable":true,"href":"https:\/\/lamendigapolitica.com\/index.php?rest_route=\/wp\/v2\/users\/1"}],"replies":[{"embeddable":true,"href":"https:\/\/lamendigapolitica.com\/index.php?rest_route=%2Fwp%2Fv2%2Fcomments&post=71387"}],"version-history":[{"count":1,"href":"https:\/\/lamendigapolitica.com\/index.php?rest_route=\/wp\/v2\/posts\/71387\/revisions"}],"predecessor-version":[{"id":71389,"href":"https:\/\/lamendigapolitica.com\/index.php?rest_route=\/wp\/v2\/posts\/71387\/revisions\/71389"}],"wp:attachment":[{"href":"https:\/\/lamendigapolitica.com\/index.php?rest_route=%2Fwp%2Fv2%2Fmedia&parent=71387"}],"wp:term":[{"taxonomy":"category","embeddable":true,"href":"https:\/\/lamendigapolitica.com\/index.php?rest_route=%2Fwp%2Fv2%2Fcategories&post=71387"},{"taxonomy":"post_tag","embeddable":true,"href":"https:\/\/lamendigapolitica.com\/index.php?rest_route=%2Fwp%2Fv2%2Ftags&post=71387"}],"curies":[{"name":"wp","href":"https:\/\/api.w.org\/{rel}","templated":true}]}}