{"id":71278,"date":"2021-11-13T20:09:11","date_gmt":"2021-11-14T02:09:11","guid":{"rendered":"http:\/\/lamendigapolitica.com\/?p=71278"},"modified":"2021-11-13T20:09:11","modified_gmt":"2021-11-14T02:09:11","slug":"arranca-video-mapping-en-centro-historico-de-guadalajara","status":"publish","type":"post","link":"https:\/\/lamendigapolitica.com\/?p=71278","title":{"rendered":"Arranca Video Mapping en Centro Hist\u00f3rico de Guadalajara"},"content":{"rendered":"<p><a href=\"https:\/\/lamendigapolitica.com\/blog\/?attachment_id=71279\" rel=\"attachment wp-att-71279\"><img loading=\"lazy\" decoding=\"async\" class=\"aligncenter size-full wp-image-71279\" src=\"https:\/\/lamendigapolitica.com\/blog\/wp-content\/uploads\/2021\/11\/51673582553_46769ef725_c.jpg\" alt=\"\" width=\"799\" height=\"533\" \/><\/a><\/p>\n<p>Estas proyecciones se realizar\u00e1n, los fines de semana y d\u00edas festivos, en la Catedral Metropolitana y el Templo del Santuario de la Virgen de Guadalupe<\/p>\n<p>Con el fin de ofrecer una amplia gama de atractivos al Centro Hist\u00f3rico de Guadalajara, esta noche arranc\u00f3 el video mapping en dos puntos ic\u00f3nicos de nuestra ciudad: la Catedral Metropolitana y el Templo del Santuario de la Virgen de Guadalupe.<!--more--><\/p>\n<p>Estas proyecciones se realizar\u00e1n los fines de semana y en d\u00edas festivos, ambas tienen una duraci\u00f3n de aproximadamente 10 minutos, ofreciendo a los espectadores material en 2D y 3D, mismo que jugar\u00e1 con la fisonom\u00eda arquitect\u00f3nica de cada edificio.<\/p>\n<p>El contenido que se proyectar\u00e1 en las fachadas de estos edificios ic\u00f3nicos de la ciudad mostrar\u00e1 parte de la historia de Guadalajara, sus or\u00edgenes, acontecimientos hist\u00f3ricos relevantes, as\u00ed como tambi\u00e9n resaltar\u00e1n s\u00edmbolos que le dan identidad a esta gran tierra y a los mexicanos en el mundo, contrastando con la ciudad moderna y contempor\u00e1nea de hoy en d\u00eda.<\/p>\n<p>Cuenta con escaleta y movimientos esc\u00e9nicos, ilustraciones originales, musicalizaci\u00f3n y dise\u00f1o sonoro digital, desarrollo de ilustraciones digitales alusivo al concepto narrativo, animaciones y efectos visuales en software y materializaci\u00f3n t\u00e9cnica.<\/p>\n<p>El monto total de la inversi\u00f3n para ofrecer este espect\u00e1culo audiovisual, en ambas sedes, fue de 20 millones de pesos.<\/p>\n<p>Los recursos para el desarrollo de este proyecto provienen del convenio de colaboraci\u00f3n celebrado entre el Fideicomiso de Turismo de la Zona Metropolitana de Guadalajara y el Ayuntamiento de Guadalajara, denominado \u201cRenovando el Coraz\u00f3n de la Ciudad\u201d, firmado el 10 de septiembre de 2020.<\/p>\n<p>Los horarios para la proyecci\u00f3n en la Catedral de Guadalajara ser\u00e1n:<\/p>\n<p>\u2022 Jueves y s\u00e1bado 20:45 horas.<br \/>\n\u2022 Viernes y domingo 19:45 y 20:45 horas.<\/p>\n<p>Los horarios para la proyecci\u00f3n en el templo del Santuario de la Virgen de Guadalupe ser\u00e1n:<\/p>\n<p>\u2022 Jueves, viernes, s\u00e1bado y domingo 20:00 y 20:30 horas.<\/p>\n","protected":false},"excerpt":{"rendered":"<p>Estas proyecciones se realizar\u00e1n, los fines de semana y d\u00edas festivos, en la Catedral Metropolitana y el Templo del Santuario de la Virgen de Guadalupe Con el fin de ofrecer una amplia gama de atractivos al Centro Hist\u00f3rico de Guadalajara, esta noche arranc\u00f3 el video mapping en dos puntos ic\u00f3nicos de nuestra ciudad: la Catedral &hellip; <\/p>\n<p><a class=\"more-link btn\" href=\"https:\/\/lamendigapolitica.com\/?p=71278\">Seguir leyendo<\/a><\/p>\n","protected":false},"author":1,"featured_media":0,"comment_status":"open","ping_status":"closed","sticky":false,"template":"","format":"standard","meta":{"footnotes":""},"categories":[42,26,36,20,22,24],"tags":[],"class_list":["post-71278","post","type-post","status-publish","format-standard","hentry","category-clima","category-cultura","category-espectaculos","category-gobierno","category-sociales","category-turismo","item-wrap"],"_links":{"self":[{"href":"https:\/\/lamendigapolitica.com\/index.php?rest_route=\/wp\/v2\/posts\/71278","targetHints":{"allow":["GET"]}}],"collection":[{"href":"https:\/\/lamendigapolitica.com\/index.php?rest_route=\/wp\/v2\/posts"}],"about":[{"href":"https:\/\/lamendigapolitica.com\/index.php?rest_route=\/wp\/v2\/types\/post"}],"author":[{"embeddable":true,"href":"https:\/\/lamendigapolitica.com\/index.php?rest_route=\/wp\/v2\/users\/1"}],"replies":[{"embeddable":true,"href":"https:\/\/lamendigapolitica.com\/index.php?rest_route=%2Fwp%2Fv2%2Fcomments&post=71278"}],"version-history":[{"count":1,"href":"https:\/\/lamendigapolitica.com\/index.php?rest_route=\/wp\/v2\/posts\/71278\/revisions"}],"predecessor-version":[{"id":71280,"href":"https:\/\/lamendigapolitica.com\/index.php?rest_route=\/wp\/v2\/posts\/71278\/revisions\/71280"}],"wp:attachment":[{"href":"https:\/\/lamendigapolitica.com\/index.php?rest_route=%2Fwp%2Fv2%2Fmedia&parent=71278"}],"wp:term":[{"taxonomy":"category","embeddable":true,"href":"https:\/\/lamendigapolitica.com\/index.php?rest_route=%2Fwp%2Fv2%2Fcategories&post=71278"},{"taxonomy":"post_tag","embeddable":true,"href":"https:\/\/lamendigapolitica.com\/index.php?rest_route=%2Fwp%2Fv2%2Ftags&post=71278"}],"curies":[{"name":"wp","href":"https:\/\/api.w.org\/{rel}","templated":true}]}}