{"id":71182,"date":"2021-11-01T21:53:50","date_gmt":"2021-11-02T03:53:50","guid":{"rendered":"http:\/\/lamendigapolitica.com\/?p=71182"},"modified":"2021-11-01T21:53:50","modified_gmt":"2021-11-02T03:53:50","slug":"presentan-mural-floral-en-el-mercado-de-mezquitan","status":"publish","type":"post","link":"https:\/\/lamendigapolitica.com\/?p=71182","title":{"rendered":"Presentan Mural Floral en el Mercado de Mezquit\u00e1n"},"content":{"rendered":"<p><a href=\"https:\/\/lamendigapolitica.com\/blog\/?attachment_id=71183\" rel=\"attachment wp-att-71183\"><img loading=\"lazy\" decoding=\"async\" class=\"aligncenter size-large wp-image-71183\" src=\"https:\/\/lamendigapolitica.com\/blog\/wp-content\/uploads\/2021\/11\/mural-1024x768.jpg\" alt=\"\" width=\"555\" height=\"416\" srcset=\"https:\/\/lamendigapolitica.com\/wp-content\/uploads\/2021\/11\/mural-1024x768.jpg 1024w, https:\/\/lamendigapolitica.com\/wp-content\/uploads\/2021\/11\/mural-300x225.jpg 300w, https:\/\/lamendigapolitica.com\/wp-content\/uploads\/2021\/11\/mural-768x576.jpg 768w, https:\/\/lamendigapolitica.com\/wp-content\/uploads\/2021\/11\/mural-555x416.jpg 555w, https:\/\/lamendigapolitica.com\/wp-content\/uploads\/2021\/11\/mural.jpg 1177w\" sizes=\"auto, (max-width: 555px) 100vw, 555px\" \/><\/a><\/p>\n<p>Se trata de una catrina que fue elaborada por seis artistas con m\u00e1s de mil flores aportadas por los comerciantes como cempas\u00fachil, cord\u00f3n de obispo, polar y limonaria<\/p>\n<p>Con el objetivo de impulsar las tradiciones mexicanas y que la ciudadan\u00eda en general acuda al Mercado de Mezquit\u00e1n, tambi\u00e9n conocido como el Mercado de las Flores, comerciantes del lugar y la Asociaci\u00f3n de Introductores de Flores y Follajes de Jalisco y Occidente, con el apoyo de la Direcci\u00f3n de Mercados del Gobierno de Guadalajara, presentaron el Mural Floral denominado \u201cMezquit\u00e1n Vive\u201d.<\/p>\n<p>El Director de Mercados, Ignacio Mestas Gallardo, explic\u00f3 que se trata de una catrina que fue elaborada por seis artistas con m\u00e1s de mil flores aportadas por los comerciantes como cempas\u00fachil, cord\u00f3n de obispo, polar y limonaria.<\/p>\n<p>\u201cEste mural est\u00e1 hecho para que la gente venga a verlo cuando viene a comprar sus flores por este D\u00eda de Muertos, y este fin de semana que estuvo muy concurrido, vemos que el esfuerzo de todos los comerciantes para atraer clientes cada vez es m\u00e1s grande\u201d.<\/p>\n<p>El funcionario indic\u00f3 que en los accesos del mercado se habilitaron filtros sanitarios, adem\u00e1s que las personas que acudan tambi\u00e9n podr\u00e1n disfrutar de su gastronom\u00eda.<\/p>\n<p>Por su parte, el administrador del edificio, Perseo Olague, se\u00f1al\u00f3 que del 1 al 2 de noviembre, el mercado estar\u00e1 operando las 24 horas para que las personas que por cuestiones laborales no pueden acudir a realizar sus compras durante el d\u00eda, lo hagan por la noche.<\/p>\n<p>\u201cMezquit\u00e1n es un espacio propio de la ciudad, uno de los tres barrios m\u00e1s importantes (\u2026) Queremos que nos vean, que nos conozcan quienes no nos conocen, queremos que disfruten de este espacio de flores y colores, que toda la intenci\u00f3n de la gente es darse a conocer, del talento que tenemos aqu\u00ed\u201d, finaliz\u00f3.<\/p>\n","protected":false},"excerpt":{"rendered":"<p>Se trata de una catrina que fue elaborada por seis artistas con m\u00e1s de mil flores aportadas por los comerciantes como cempas\u00fachil, cord\u00f3n de obispo, polar y limonaria Con el objetivo de impulsar las tradiciones mexicanas y que la ciudadan\u00eda en general acuda al Mercado de Mezquit\u00e1n, tambi\u00e9n conocido como el Mercado de las Flores, &hellip; <\/p>\n<p><a class=\"more-link btn\" href=\"https:\/\/lamendigapolitica.com\/?p=71182\">Seguir leyendo<\/a><\/p>\n","protected":false},"author":1,"featured_media":0,"comment_status":"open","ping_status":"closed","sticky":false,"template":"","format":"standard","meta":{"footnotes":""},"categories":[42,26,43,36,20,22],"tags":[],"class_list":["post-71182","post","type-post","status-publish","format-standard","hentry","category-clima","category-cultura","category-ecologia","category-espectaculos","category-gobierno","category-sociales","item-wrap"],"_links":{"self":[{"href":"https:\/\/lamendigapolitica.com\/index.php?rest_route=\/wp\/v2\/posts\/71182","targetHints":{"allow":["GET"]}}],"collection":[{"href":"https:\/\/lamendigapolitica.com\/index.php?rest_route=\/wp\/v2\/posts"}],"about":[{"href":"https:\/\/lamendigapolitica.com\/index.php?rest_route=\/wp\/v2\/types\/post"}],"author":[{"embeddable":true,"href":"https:\/\/lamendigapolitica.com\/index.php?rest_route=\/wp\/v2\/users\/1"}],"replies":[{"embeddable":true,"href":"https:\/\/lamendigapolitica.com\/index.php?rest_route=%2Fwp%2Fv2%2Fcomments&post=71182"}],"version-history":[{"count":1,"href":"https:\/\/lamendigapolitica.com\/index.php?rest_route=\/wp\/v2\/posts\/71182\/revisions"}],"predecessor-version":[{"id":71184,"href":"https:\/\/lamendigapolitica.com\/index.php?rest_route=\/wp\/v2\/posts\/71182\/revisions\/71184"}],"wp:attachment":[{"href":"https:\/\/lamendigapolitica.com\/index.php?rest_route=%2Fwp%2Fv2%2Fmedia&parent=71182"}],"wp:term":[{"taxonomy":"category","embeddable":true,"href":"https:\/\/lamendigapolitica.com\/index.php?rest_route=%2Fwp%2Fv2%2Fcategories&post=71182"},{"taxonomy":"post_tag","embeddable":true,"href":"https:\/\/lamendigapolitica.com\/index.php?rest_route=%2Fwp%2Fv2%2Ftags&post=71182"}],"curies":[{"name":"wp","href":"https:\/\/api.w.org\/{rel}","templated":true}]}}