{"id":71118,"date":"2021-10-26T22:38:46","date_gmt":"2021-10-27T03:38:46","guid":{"rendered":"http:\/\/lamendigapolitica.com\/?p=71118"},"modified":"2021-10-26T22:38:46","modified_gmt":"2021-10-27T03:38:46","slug":"reina-isabel-no-ira-a-cumbre-climatica-le-aconsejan-reposo","status":"publish","type":"post","link":"https:\/\/lamendigapolitica.com\/?p=71118","title":{"rendered":"Reina Isabel no ir\u00e1 a cumbre clim\u00e1tica, le aconsejan reposo"},"content":{"rendered":"<p><a href=\"https:\/\/lamendigapolitica.com\/blog\/?attachment_id=71119\" rel=\"attachment wp-att-71119\"><img loading=\"lazy\" decoding=\"async\" class=\"aligncenter size-full wp-image-71119\" src=\"https:\/\/lamendigapolitica.com\/blog\/wp-content\/uploads\/2021\/10\/isa.jpeg\" alt=\"\" width=\"300\" height=\"168\" \/><\/a><\/p>\n<p>AP.\u2014 La Reina Isabel II cancel\u00f3 su asistencia a la conferencia de la ONU sobre el clima, aceptando la recomendaci\u00f3n m\u00e9dica de descansar, anunci\u00f3 el martes el Palacio de Buckingham.<\/p>\n<p>La monarca de 95 a\u00f1os ha decidido \u201clamentablemente\u201d que no viajar\u00e1 a Glasgow para asistir a la recepci\u00f3n del 1 de noviembre \u2014algo que enfr\u00eda las esperanzas del gobierno conservador brit\u00e1nico, que est\u00e1 deseoso de mostrar la importancia de la sesi\u00f3n para el destino del planeta. La conferencia clim\u00e1tica se realizar\u00e1 del 31 de octubre al 12 de noviembre y la presencia de la reina ten\u00eda como objetivo lanzarla por todo lo alto.<!--more--><\/p>\n<p>\u201cSu majestad est\u00e1 decepcionada por no asistir a la recepci\u00f3n, pero pronunciar\u00e1 un discurso a los delegados v\u00eda video mensaje grabado\u201d, expres\u00f3 el palacio.<\/p>\n<p>La noticia llega luego que la soberana realiz\u00f3 audiencias virtuales el martes en el Castillo de Windsor, las primeras desde revelaciones de que sus m\u00e9dicos le recomendaron descanso la semana pasada. La monarca recibi\u00f3 al embajador de la Rep\u00fablica de Corea en su primera presentaci\u00f3n v\u00eda tecnolog\u00eda desde que fue llevada el 20 de octubre al Hospital King Edward VII para \u201cestudios preliminares\u201d. La reina regres\u00f3 al castillo al mediod\u00eda al d\u00eda siguiente.<\/p>\n<p>La reina se someti\u00f3 a pruebas m\u00e9dicas tras cancelar un viaje programado para marcar 100 a\u00f1os desde la creaci\u00f3n de Irlanda del Norte y el palacio dijo que ella hab\u00eda aceptado \u201crenuentemente\u201d el consejo de descansar por unos d\u00edas. El asunto no estaba relacionado con el coronavirus.<\/p>\n<p>Los m\u00e9dicos le recomendaron descansar la semana pasada luego de d\u00edas atareados en los que la reina asisti\u00f3 a una serie de eventos. Realiz\u00f3 audiencias con diplom\u00e1ticos, tuvo una recepci\u00f3n en Windsor para l\u00edderes empresariales globales y asisti\u00f3 a carreras de caballos en Ascot.<\/p>\n","protected":false},"excerpt":{"rendered":"<p>AP.\u2014 La Reina Isabel II cancel\u00f3 su asistencia a la conferencia de la ONU sobre el clima, aceptando la recomendaci\u00f3n m\u00e9dica de descansar, anunci\u00f3 el martes el Palacio de Buckingham. La monarca de 95 a\u00f1os ha decidido \u201clamentablemente\u201d que no viajar\u00e1 a Glasgow para asistir a la recepci\u00f3n del 1 de noviembre \u2014algo que enfr\u00eda &hellip; <\/p>\n<p><a class=\"more-link btn\" href=\"https:\/\/lamendigapolitica.com\/?p=71118\">Seguir leyendo<\/a><\/p>\n","protected":false},"author":1,"featured_media":0,"comment_status":"open","ping_status":"closed","sticky":false,"template":"","format":"standard","meta":{"footnotes":""},"categories":[26,36,20,3,29,22],"tags":[],"class_list":["post-71118","post","type-post","status-publish","format-standard","hentry","category-cultura","category-espectaculos","category-gobierno","category-politica","category-salud","category-sociales","item-wrap"],"_links":{"self":[{"href":"https:\/\/lamendigapolitica.com\/index.php?rest_route=\/wp\/v2\/posts\/71118","targetHints":{"allow":["GET"]}}],"collection":[{"href":"https:\/\/lamendigapolitica.com\/index.php?rest_route=\/wp\/v2\/posts"}],"about":[{"href":"https:\/\/lamendigapolitica.com\/index.php?rest_route=\/wp\/v2\/types\/post"}],"author":[{"embeddable":true,"href":"https:\/\/lamendigapolitica.com\/index.php?rest_route=\/wp\/v2\/users\/1"}],"replies":[{"embeddable":true,"href":"https:\/\/lamendigapolitica.com\/index.php?rest_route=%2Fwp%2Fv2%2Fcomments&post=71118"}],"version-history":[{"count":1,"href":"https:\/\/lamendigapolitica.com\/index.php?rest_route=\/wp\/v2\/posts\/71118\/revisions"}],"predecessor-version":[{"id":71120,"href":"https:\/\/lamendigapolitica.com\/index.php?rest_route=\/wp\/v2\/posts\/71118\/revisions\/71120"}],"wp:attachment":[{"href":"https:\/\/lamendigapolitica.com\/index.php?rest_route=%2Fwp%2Fv2%2Fmedia&parent=71118"}],"wp:term":[{"taxonomy":"category","embeddable":true,"href":"https:\/\/lamendigapolitica.com\/index.php?rest_route=%2Fwp%2Fv2%2Fcategories&post=71118"},{"taxonomy":"post_tag","embeddable":true,"href":"https:\/\/lamendigapolitica.com\/index.php?rest_route=%2Fwp%2Fv2%2Ftags&post=71118"}],"curies":[{"name":"wp","href":"https:\/\/api.w.org\/{rel}","templated":true}]}}