{"id":71048,"date":"2021-10-20T22:23:44","date_gmt":"2021-10-21T03:23:44","guid":{"rendered":"http:\/\/lamendigapolitica.com\/?p=71048"},"modified":"2021-10-20T22:23:44","modified_gmt":"2021-10-21T03:23:44","slug":"culmina-rodaje-del-largometraje-los-perros","status":"publish","type":"post","link":"https:\/\/lamendigapolitica.com\/?p=71048","title":{"rendered":"Culmina rodaje del largometraje \u201cLos perros\u201d"},"content":{"rendered":"<p><a href=\"https:\/\/lamendigapolitica.com\/blog\/?attachment_id=71049\" rel=\"attachment wp-att-71049\"><img loading=\"lazy\" decoding=\"async\" class=\"aligncenter size-full wp-image-71049\" src=\"https:\/\/lamendigapolitica.com\/blog\/wp-content\/uploads\/2021\/10\/11-1.jpg\" alt=\"\" width=\"1111\" height=\"743\" \/><\/a><\/p>\n<p>Despu\u00e9s de 31 d\u00edas de grabaci\u00f3n termina el rodaje de \u201cLos Perros\u201d, el primer largometraje financiado por el Imcine y la UdeG<\/p>\n<p>Bajo la direcci\u00f3n de Pablo Orta, egresado de la licenciatura en Artes Audiovisuales del Centro Universitario de Arte, Arquitectura y Dise\u00f1o (CUAAD) de la UdeG, fue rodada la pel\u00edcula Los perros (GOYA), que cuenta la historia de dos hermanos que, tras una p\u00e9rdida familiar, deben de salvar al perro de un vecino y enfrentar diversos problemas.<!--more--><\/p>\n<p>Tras un mes de grabaci\u00f3n en Guadalajara de la primera pel\u00edcula coproducida por el Instituto Mexicano de Cinematograf\u00eda (Imcine) y la UdeG, con el Fondo para la Producci\u00f3n Cinematogr\u00e1fica de Calidad (Foprocine), Orta mostr\u00f3 cansancio pero tambi\u00e9n felicidad al concluir una de las primeras etapas de producci\u00f3n: \u201cFue un proceso bien intenso, pero bonito\u201d, relat\u00f3.<\/p>\n<p>Laura Ram\u00edrez, productora del largometraje y tambi\u00e9n egresada de esta licenciatura, concluy\u00f3 que el filme ha pasado por diferentes filtros, pero que ha mantenido su esencia. \u201cLa pel\u00edcula ha pasado por muchas etapas en casi tres a\u00f1os de preproducci\u00f3n, y pues, al final, va saliendo porque debemos de adaptarnos a la realidad que tenemos\u201d.<\/p>\n<p>Describi\u00f3 el largo proceso al que se han enfrentado al comenzar una producci\u00f3n entrelazada con la pandemia del COVID-19: \u201cAparte de los retos que concibe una producci\u00f3n normal, los dos m\u00e1s grandes era un posible brote de COVID, ya que era un riesgo latente que ten\u00edamos; y otra era la seguridad de las personas\u201d, explic\u00f3. Pero no hubo tal brote ni contagio.<\/p>\n<p>Eutimio Fuentes, actor que interpreta a C\u00e9sar, uno de los personajes principales, explic\u00f3 su experiencia en el rodaje: \u201cHa sido algo sumamente placentero, demasiado, es como un placer que no sabr\u00eda c\u00f3mo describirlo y que al mismo tiempo es una dicha\u201d, dijo.<\/p>\n<p>Al joven actor le ha tomado aproximadamente dos a\u00f1os de preparaci\u00f3n llevar su personaje a la pantalla. Comparti\u00f3 que la gente puede relacionarse con su personaje, ya que sus conflictos pr\u00e1cticamente todos los tenemos.<\/p>\n<p>\u201cDe las cosas que estuve m\u00e1s contento fue el casting, y hab\u00eda quedado resuelto antes de iniciar la pandemia. Nuestros tres actores principales son talentosos, y siento que cada uno aport\u00f3 una sensaci\u00f3n de autenticidad a la historia. Fueron ellos, mucho m\u00e1s que yo, los que fueron creando estos enlaces y estas relaciones\u201d, mencion\u00f3 el director de Los perros.<\/p>\n<p>El largometraje ha sido realizado en su mayor\u00eda por equipo del Departamento de Imagen y Sonido (DIS) del CUAAD. Al respecto, Orta expres\u00f3: \u201cHe aprendido que una pel\u00edcula es un trabajo de mucha gente, y no hay en realidad un puesto que sea m\u00e1s importante que otro (&#8230;) Un acierto es que fuimos muy honestos y cercanos; nos conocemos muy bien\u201d.<\/p>\n<p>La pel\u00edcula est\u00e1 programada para estrenarse el pr\u00f3ximo a\u00f1o. \u201cNos entusiasmar\u00eda mucho estrenar en casa, en el Festival Internacional de Cine en Guadalajara\u201d, expres\u00f3 Laura Ram\u00edrez, quien junto con Orta aprovech\u00f3 para agradecer al CUAAD, al DIS \u2013encabezado por el licenciado Jos\u00e9 Ram\u00f3n Mikelaj\u00e1uregui\u2013 y a todos los que han sido parte de la producci\u00f3n del filme.<\/p>\n","protected":false},"excerpt":{"rendered":"<p>Despu\u00e9s de 31 d\u00edas de grabaci\u00f3n termina el rodaje de \u201cLos Perros\u201d, el primer largometraje financiado por el Imcine y la UdeG Bajo la direcci\u00f3n de Pablo Orta, egresado de la licenciatura en Artes Audiovisuales del Centro Universitario de Arte, Arquitectura y Dise\u00f1o (CUAAD) de la UdeG, fue rodada la pel\u00edcula Los perros (GOYA), que &hellip; <\/p>\n<p><a class=\"more-link btn\" href=\"https:\/\/lamendigapolitica.com\/?p=71048\">Seguir leyendo<\/a><\/p>\n","protected":false},"author":1,"featured_media":0,"comment_status":"open","ping_status":"closed","sticky":false,"template":"","format":"standard","meta":{"footnotes":""},"categories":[26,36,22],"tags":[],"class_list":["post-71048","post","type-post","status-publish","format-standard","hentry","category-cultura","category-espectaculos","category-sociales","item-wrap"],"_links":{"self":[{"href":"https:\/\/lamendigapolitica.com\/index.php?rest_route=\/wp\/v2\/posts\/71048","targetHints":{"allow":["GET"]}}],"collection":[{"href":"https:\/\/lamendigapolitica.com\/index.php?rest_route=\/wp\/v2\/posts"}],"about":[{"href":"https:\/\/lamendigapolitica.com\/index.php?rest_route=\/wp\/v2\/types\/post"}],"author":[{"embeddable":true,"href":"https:\/\/lamendigapolitica.com\/index.php?rest_route=\/wp\/v2\/users\/1"}],"replies":[{"embeddable":true,"href":"https:\/\/lamendigapolitica.com\/index.php?rest_route=%2Fwp%2Fv2%2Fcomments&post=71048"}],"version-history":[{"count":1,"href":"https:\/\/lamendigapolitica.com\/index.php?rest_route=\/wp\/v2\/posts\/71048\/revisions"}],"predecessor-version":[{"id":71050,"href":"https:\/\/lamendigapolitica.com\/index.php?rest_route=\/wp\/v2\/posts\/71048\/revisions\/71050"}],"wp:attachment":[{"href":"https:\/\/lamendigapolitica.com\/index.php?rest_route=%2Fwp%2Fv2%2Fmedia&parent=71048"}],"wp:term":[{"taxonomy":"category","embeddable":true,"href":"https:\/\/lamendigapolitica.com\/index.php?rest_route=%2Fwp%2Fv2%2Fcategories&post=71048"},{"taxonomy":"post_tag","embeddable":true,"href":"https:\/\/lamendigapolitica.com\/index.php?rest_route=%2Fwp%2Fv2%2Ftags&post=71048"}],"curies":[{"name":"wp","href":"https:\/\/api.w.org\/{rel}","templated":true}]}}