{"id":71045,"date":"2021-10-19T18:30:14","date_gmt":"2021-10-19T23:30:14","guid":{"rendered":"http:\/\/lamendigapolitica.com\/?p=71045"},"modified":"2021-10-20T00:07:03","modified_gmt":"2021-10-20T05:07:03","slug":"reina-isabel-rechaza-titulo-de-vieja-del-ano","status":"publish","type":"post","link":"https:\/\/lamendigapolitica.com\/?p=71045","title":{"rendered":"Reina Isabel rechaza t\u00edtulo de \u201cVieja del a\u00f1o\u201d"},"content":{"rendered":"<p><a href=\"https:\/\/lamendigapolitica.com\/blog\/?attachment_id=71046\" rel=\"attachment wp-att-71046\"><img loading=\"lazy\" decoding=\"async\" class=\"aligncenter size-full wp-image-71046\" src=\"https:\/\/lamendigapolitica.com\/blog\/wp-content\/uploads\/2021\/10\/116-1633629497-reina-isabel-getty-t.jpg\" alt=\"\" width=\"1240\" height=\"744\" \/><\/a><\/p>\n<p>AP.\u2014 La reina Isabel II es la monarca m\u00e1s longeva y reinante de Gran Breta\u00f1a, pero no la llamen vieja.<\/p>\n<p>La reina de 95 a\u00f1os declin\u00f3 cort\u00e9smente el honor de ser nombrada \u201cVieja del a\u00f1o\u201d por una revista brit\u00e1nica, diciendo que no cumple con \u201clos criterios relevantes\u201d.<\/p>\n<p>La revista Oldie (cuyo nombre quiere decir viejo o vieja) public\u00f3 el martes la respuesta de la reina a su sugerencia de seguir los pasos de antiguos destinatarios, incluido el ex primer ministro John Major, la actriz Olivia de Havilland y el artista David Hockney.<!--more--><\/p>\n<p>\u201cSu Majestad cree que uno es tan mayor como se siente, y como tal, la Reina no cree que cumpla con los criterios relevantes para poder aceptar, y espera que encuentre un destinatario m\u00e1s digno\u201d, dec\u00eda una carta de su secretario privado adjunto, Tom Laing-Baker. Termin\u00f3 la misiva \u201ccon los mejores deseos de Su Majestad\u201d.<\/p>\n<p>La reina, que enviud\u00f3 este a\u00f1o, todav\u00eda mantiene una apretada agenda de deberes reales. El martes celebr\u00f3 audiencias con diplom\u00e1ticos y organiz\u00f3 una recepci\u00f3n en el Castillo de Windsor para l\u00edderes empresariales mundiales.<\/p>\n<p>El premio Oldie of the Year honra a las personas de edad avanzada que han hecho una contribuci\u00f3n especial a la vida p\u00fablica. El esposo de la reina, el pr\u00edncipe Felipe, quien muri\u00f3 en abril, recibi\u00f3 el galard\u00f3n en 2011, cuando ten\u00eda 90 a\u00f1os.<\/p>\n<p>El premio \u201cOldie of the Year\u201d reconoce a personas de edad avanzada que han hecho una contribuci\u00f3n especial a la vida p\u00fablica. El esposo de la reina, el pr\u00edncipe Felipe, quien muri\u00f3 en abril, recibi\u00f3 el galard\u00f3n en 2011, cuando ten\u00eda 90 a\u00f1os.<\/p>\n<p>Despu\u00e9s de que la reina se neg\u00f3, el honor de este a\u00f1o fue para la realeza del cine: la actriz y bailarina franco-estadounidense Leslie Caron, de 90 a\u00f1os.<\/p>\n<p>Trending on AP News<br \/>\nCosta Rica gana premio Earthshot por programa ambiental<br \/>\nIndonesia, Malaysia concerned about Australia\u2019s nuclear subs<br \/>\nNorway: Bow-and-arrow attack victims likely stabbed to death<br \/>\nby Taboola<\/p>\n","protected":false},"excerpt":{"rendered":"<p>AP.\u2014 La reina Isabel II es la monarca m\u00e1s longeva y reinante de Gran Breta\u00f1a, pero no la llamen vieja. La reina de 95 a\u00f1os declin\u00f3 cort\u00e9smente el honor de ser nombrada \u201cVieja del a\u00f1o\u201d por una revista brit\u00e1nica, diciendo que no cumple con \u201clos criterios relevantes\u201d. La revista Oldie (cuyo nombre quiere decir viejo &hellip; <\/p>\n<p><a class=\"more-link btn\" href=\"https:\/\/lamendigapolitica.com\/?p=71045\">Seguir leyendo<\/a><\/p>\n","protected":false},"author":1,"featured_media":0,"comment_status":"open","ping_status":"closed","sticky":false,"template":"","format":"standard","meta":{"footnotes":""},"categories":[36,20,31,22],"tags":[],"class_list":["post-71045","post","type-post","status-publish","format-standard","hentry","category-espectaculos","category-gobierno","category-internacional","category-sociales","item-wrap"],"_links":{"self":[{"href":"https:\/\/lamendigapolitica.com\/index.php?rest_route=\/wp\/v2\/posts\/71045","targetHints":{"allow":["GET"]}}],"collection":[{"href":"https:\/\/lamendigapolitica.com\/index.php?rest_route=\/wp\/v2\/posts"}],"about":[{"href":"https:\/\/lamendigapolitica.com\/index.php?rest_route=\/wp\/v2\/types\/post"}],"author":[{"embeddable":true,"href":"https:\/\/lamendigapolitica.com\/index.php?rest_route=\/wp\/v2\/users\/1"}],"replies":[{"embeddable":true,"href":"https:\/\/lamendigapolitica.com\/index.php?rest_route=%2Fwp%2Fv2%2Fcomments&post=71045"}],"version-history":[{"count":1,"href":"https:\/\/lamendigapolitica.com\/index.php?rest_route=\/wp\/v2\/posts\/71045\/revisions"}],"predecessor-version":[{"id":71047,"href":"https:\/\/lamendigapolitica.com\/index.php?rest_route=\/wp\/v2\/posts\/71045\/revisions\/71047"}],"wp:attachment":[{"href":"https:\/\/lamendigapolitica.com\/index.php?rest_route=%2Fwp%2Fv2%2Fmedia&parent=71045"}],"wp:term":[{"taxonomy":"category","embeddable":true,"href":"https:\/\/lamendigapolitica.com\/index.php?rest_route=%2Fwp%2Fv2%2Fcategories&post=71045"},{"taxonomy":"post_tag","embeddable":true,"href":"https:\/\/lamendigapolitica.com\/index.php?rest_route=%2Fwp%2Fv2%2Ftags&post=71045"}],"curies":[{"name":"wp","href":"https:\/\/api.w.org\/{rel}","templated":true}]}}