{"id":71042,"date":"2021-10-19T20:00:44","date_gmt":"2021-10-20T01:00:44","guid":{"rendered":"http:\/\/lamendigapolitica.com\/?p=71042"},"modified":"2021-10-20T00:01:00","modified_gmt":"2021-10-20T05:01:00","slug":"celine-dion-aplaza-show-de-las-vegas-debido-a-espasmos","status":"publish","type":"post","link":"https:\/\/lamendigapolitica.com\/?p=71042","title":{"rendered":"Celine Dion aplaza show de Las Vegas debido a espasmos"},"content":{"rendered":"<p><a href=\"https:\/\/lamendigapolitica.com\/blog\/?attachment_id=71043\" rel=\"attachment wp-att-71043\"><img loading=\"lazy\" decoding=\"async\" class=\"aligncenter size-full wp-image-71043\" src=\"https:\/\/lamendigapolitica.com\/blog\/wp-content\/uploads\/2021\/10\/1000-8.jpeg\" alt=\"\" width=\"1000\" height=\"683\" \/><\/a><\/p>\n<p>AP.\u2014 Celine Dion posterg\u00f3 la apertura de su nuevo espect\u00e1culo en Las Vegas debido a espasmos musculares que le han impedido actuar.<\/p>\n<p>La cantante ha estado padeciendo de espasmos musculares severos y persistentes y es evaluada y atendida por un equipo m\u00e9dico, dice un comunicado publicado el martes en su sitio web.<\/p>\n<p>\u201cTengo el coraz\u00f3n roto por esto\u201d, dijo Dion en el comunicado. \u201cMi equipo y yo hemos estado trabajando en nuestro nuevo espect\u00e1culo durante los \u00faltimos ocho meses, y no poder abrir este noviembre me entristece m\u00e1s de lo que pueda expresar con palabras\u201d.<\/p>\n<p>Los conciertos programados para el Resorts World Theatre del 5 de noviembre al 20 de noviembre y del 19 de enero al 5 de febrero de 2022 han quedado suspendidos. El comunicado indica que la cantante a\u00fan tiene previsto reanudar su gira mundial en marzo de 2022.<\/p>\n","protected":false},"excerpt":{"rendered":"<p>AP.\u2014 Celine Dion posterg\u00f3 la apertura de su nuevo espect\u00e1culo en Las Vegas debido a espasmos musculares que le han impedido actuar. La cantante ha estado padeciendo de espasmos musculares severos y persistentes y es evaluada y atendida por un equipo m\u00e9dico, dice un comunicado publicado el martes en su sitio web. \u201cTengo el coraz\u00f3n &hellip; <\/p>\n<p><a class=\"more-link btn\" href=\"https:\/\/lamendigapolitica.com\/?p=71042\">Seguir leyendo<\/a><\/p>\n","protected":false},"author":1,"featured_media":0,"comment_status":"open","ping_status":"closed","sticky":false,"template":"","format":"standard","meta":{"footnotes":""},"categories":[26,36,22],"tags":[],"class_list":["post-71042","post","type-post","status-publish","format-standard","hentry","category-cultura","category-espectaculos","category-sociales","item-wrap"],"_links":{"self":[{"href":"https:\/\/lamendigapolitica.com\/index.php?rest_route=\/wp\/v2\/posts\/71042","targetHints":{"allow":["GET"]}}],"collection":[{"href":"https:\/\/lamendigapolitica.com\/index.php?rest_route=\/wp\/v2\/posts"}],"about":[{"href":"https:\/\/lamendigapolitica.com\/index.php?rest_route=\/wp\/v2\/types\/post"}],"author":[{"embeddable":true,"href":"https:\/\/lamendigapolitica.com\/index.php?rest_route=\/wp\/v2\/users\/1"}],"replies":[{"embeddable":true,"href":"https:\/\/lamendigapolitica.com\/index.php?rest_route=%2Fwp%2Fv2%2Fcomments&post=71042"}],"version-history":[{"count":1,"href":"https:\/\/lamendigapolitica.com\/index.php?rest_route=\/wp\/v2\/posts\/71042\/revisions"}],"predecessor-version":[{"id":71044,"href":"https:\/\/lamendigapolitica.com\/index.php?rest_route=\/wp\/v2\/posts\/71042\/revisions\/71044"}],"wp:attachment":[{"href":"https:\/\/lamendigapolitica.com\/index.php?rest_route=%2Fwp%2Fv2%2Fmedia&parent=71042"}],"wp:term":[{"taxonomy":"category","embeddable":true,"href":"https:\/\/lamendigapolitica.com\/index.php?rest_route=%2Fwp%2Fv2%2Fcategories&post=71042"},{"taxonomy":"post_tag","embeddable":true,"href":"https:\/\/lamendigapolitica.com\/index.php?rest_route=%2Fwp%2Fv2%2Ftags&post=71042"}],"curies":[{"name":"wp","href":"https:\/\/api.w.org\/{rel}","templated":true}]}}