{"id":71028,"date":"2021-10-18T14:52:54","date_gmt":"2021-10-18T19:52:54","guid":{"rendered":"http:\/\/lamendigapolitica.com\/?p=71028"},"modified":"2021-10-18T14:52:54","modified_gmt":"2021-10-18T19:52:54","slug":"arranca-feria-del-carton-y-del-juguete-2021-en-el-parque-morelos","status":"publish","type":"post","link":"https:\/\/lamendigapolitica.com\/?p=71028","title":{"rendered":"Arranca Feria del Cart\u00f3n y del Juguete 2021 en el Parque Morelos"},"content":{"rendered":"<p><a href=\"https:\/\/lamendigapolitica.com\/blog\/?attachment_id=71029\" rel=\"attachment wp-att-71029\"><img loading=\"lazy\" decoding=\"async\" class=\"aligncenter size-full wp-image-71029\" src=\"https:\/\/lamendigapolitica.com\/blog\/wp-content\/uploads\/2021\/10\/feria.jpg\" alt=\"\" width=\"1020\" height=\"623\" srcset=\"https:\/\/lamendigapolitica.com\/wp-content\/uploads\/2021\/10\/feria.jpg 1020w, https:\/\/lamendigapolitica.com\/wp-content\/uploads\/2021\/10\/feria-300x183.jpg 300w, https:\/\/lamendigapolitica.com\/wp-content\/uploads\/2021\/10\/feria-768x469.jpg 768w, https:\/\/lamendigapolitica.com\/wp-content\/uploads\/2021\/10\/feria-555x339.jpg 555w\" sizes=\"auto, (max-width: 1020px) 100vw, 1020px\" \/><\/a><\/p>\n<p>La edici\u00f3n de este a\u00f1o del tradicional tianguis, con alrededor de 70 a\u00f1os de historia, cuenta con la participaci\u00f3n de 300 comerciantes que ofrecen juguetes tradicionales, juguetes de cart\u00f3n y barro, calaveritas de az\u00facar, entre otros art\u00edculos<\/p>\n<p>Para dar un respiro a la econom\u00eda de las familias tapat\u00edas del 1 de octubre al 31 de diciembre se aplicar\u00e1 la condonaci\u00f3n del pago de impuestos municipales en tianguis, mercados y giros tipo A<\/p>\n<p>La apuesta del actual gobierno de Guadalajara es impulsar el comercio local de manera ordenada y respetando los protocolos sanitarios ante la pandemia por Covid-19<\/p>\n<p>Para ofrecer a las y los visitantes del Centro Hist\u00f3rico de la ciudad juguetes tradicionales hechos de madera, cart\u00f3n o barro, calaveritas de az\u00facar, entre otros art\u00edculos, alrededor de 300 comerciantes participan en la Feria del Cart\u00f3n y del Juguete de este a\u00f1o.<\/p>\n<p>Esta muestra estar\u00e1 instalada en el Parque Morelos a partir de hoy y hasta el 7 de noviembre, con un horario de 10:00 a 22:00 horas.<!--more--><\/p>\n<p>Para dar un respiro a la econom\u00eda de las familias tapat\u00edas, del 1 de octubre al 31 de diciembre, el Gobierno de Guadalajara aplicar\u00e1 la condonaci\u00f3n del pago de impuestos municipales en tianguis, mercados y giros tipo A.<\/p>\n<p>El Presidente Municipal, Pablo Lemus Navarro promovi\u00f3 un decreto por el cual se condona el cien por ciento de derechos para los comerciantes en espacios abiertos, como lo es esta feria, por lo que todos los comerciantes que est\u00e1n aqu\u00ed no pagar\u00e1n (por su permiso)\u201d.<\/p>\n<p>La instalaci\u00f3n de esta feria tambi\u00e9n es el resultado de la labor coordinada entre dependencias municipales como Tianguis y Comercio en Espacios Abiertos, Inspecci\u00f3n y Vigilancia, Movilidad y Transporte, Protecci\u00f3n Civil y Bomberos y Servicios Municipales.<\/p>\n<p>Lo que m\u00e1s busca la gente son figuras y productos para realizar sus altares de muertos, papel picado, as\u00ed como las calaveritas de az\u00facar y figuras de migaj\u00f3n.<\/p>\n","protected":false},"excerpt":{"rendered":"<p>La edici\u00f3n de este a\u00f1o del tradicional tianguis, con alrededor de 70 a\u00f1os de historia, cuenta con la participaci\u00f3n de 300 comerciantes que ofrecen juguetes tradicionales, juguetes de cart\u00f3n y barro, calaveritas de az\u00facar, entre otros art\u00edculos Para dar un respiro a la econom\u00eda de las familias tapat\u00edas del 1 de octubre al 31 de &hellip; <\/p>\n<p><a class=\"more-link btn\" href=\"https:\/\/lamendigapolitica.com\/?p=71028\">Seguir leyendo<\/a><\/p>\n","protected":false},"author":1,"featured_media":0,"comment_status":"open","ping_status":"closed","sticky":false,"template":"","format":"standard","meta":{"footnotes":""},"categories":[26,30,36,22],"tags":[],"class_list":["post-71028","post","type-post","status-publish","format-standard","hentry","category-cultura","category-economia","category-espectaculos","category-sociales","item-wrap"],"_links":{"self":[{"href":"https:\/\/lamendigapolitica.com\/index.php?rest_route=\/wp\/v2\/posts\/71028","targetHints":{"allow":["GET"]}}],"collection":[{"href":"https:\/\/lamendigapolitica.com\/index.php?rest_route=\/wp\/v2\/posts"}],"about":[{"href":"https:\/\/lamendigapolitica.com\/index.php?rest_route=\/wp\/v2\/types\/post"}],"author":[{"embeddable":true,"href":"https:\/\/lamendigapolitica.com\/index.php?rest_route=\/wp\/v2\/users\/1"}],"replies":[{"embeddable":true,"href":"https:\/\/lamendigapolitica.com\/index.php?rest_route=%2Fwp%2Fv2%2Fcomments&post=71028"}],"version-history":[{"count":1,"href":"https:\/\/lamendigapolitica.com\/index.php?rest_route=\/wp\/v2\/posts\/71028\/revisions"}],"predecessor-version":[{"id":71030,"href":"https:\/\/lamendigapolitica.com\/index.php?rest_route=\/wp\/v2\/posts\/71028\/revisions\/71030"}],"wp:attachment":[{"href":"https:\/\/lamendigapolitica.com\/index.php?rest_route=%2Fwp%2Fv2%2Fmedia&parent=71028"}],"wp:term":[{"taxonomy":"category","embeddable":true,"href":"https:\/\/lamendigapolitica.com\/index.php?rest_route=%2Fwp%2Fv2%2Fcategories&post=71028"},{"taxonomy":"post_tag","embeddable":true,"href":"https:\/\/lamendigapolitica.com\/index.php?rest_route=%2Fwp%2Fv2%2Ftags&post=71028"}],"curies":[{"name":"wp","href":"https:\/\/api.w.org\/{rel}","templated":true}]}}