{"id":70972,"date":"2021-10-12T22:30:21","date_gmt":"2021-10-13T03:30:21","guid":{"rendered":"http:\/\/lamendigapolitica.com\/?p=70972"},"modified":"2021-10-12T22:30:21","modified_gmt":"2021-10-13T03:30:21","slug":"la-reina-isabel-ii-usa-baston-en-publico-por-primera-vez","status":"publish","type":"post","link":"https:\/\/lamendigapolitica.com\/?p=70972","title":{"rendered":"La reina Isabel II usa bast\u00f3n en p\u00fablico por primera vez"},"content":{"rendered":"<p><a href=\"https:\/\/lamendigapolitica.com\/blog\/?attachment_id=70973\" rel=\"attachment wp-att-70973\"><img loading=\"lazy\" decoding=\"async\" class=\"aligncenter size-full wp-image-70973\" src=\"https:\/\/lamendigapolitica.com\/blog\/wp-content\/uploads\/2021\/10\/isa.jpg\" alt=\"\" width=\"840\" height=\"1088\" \/><\/a><\/p>\n<p>La reina Isabel II fue vista este martes apoy\u00e1ndose de un bast\u00f3n durante un evento, lo que caus\u00f3 impresi\u00f3n entre el p\u00fablico.<\/p>\n<p>Este martes 12 de octubre, la reina Isabel II asisti\u00f3 a un servicio religioso en la abad\u00eda de Westminster, Londres, su presencia conmovi\u00f3 a los presentes, pero lo que m\u00e1s sorprendi\u00f3 fue que se le vio usar por primera vez un bast\u00f3n en un acto p\u00fablico.<!--more--><\/p>\n<p>La reina Isabel II apareci\u00f3 en la conmemoraci\u00f3n del centenario de la organizaci\u00f3n ben\u00e9fica de las Fuerzas Armadas Royal British Legi\u00f3n, pero, en esta ocasi\u00f3n, \u201cpara su comodidad\u201d utiliz\u00f3 un bast\u00f3n tanto para entrar al templo como para dejar el evento.<!--more-->Seg\u00fan fuentes del palacio, la soberana de 95 a\u00f1os acompa\u00f1\u00f3 a militares en activo, veteranos, junto con sus familiares, y representantes de la British Legi\u00f3n, de la que es patrona, a una misa en la abad\u00eda de Westminster, Londres.<\/p>\n<p>Sin embargo, esta fue la primera vez que la reina Isabel II utiliz\u00f3 un bast\u00f3n por comodidad en un evento p\u00fablico, el cual utiliz\u00f3 cuando sali\u00f3 del veh\u00edculo para dirigirse al templo, as\u00ed como cuando se retir\u00f3 del lugar.<\/p>\n<p>Se mencion\u00f3 que su entrada tampoco fue por la entrada habitual, sino por otra que se ubicaba m\u00e1s cerca de su asiento.<\/p>\n<p>A este evento, la reina Isabel II acudi\u00f3 junto con su \u00fanica hija, la princesa Ana, y juntas convivieron por unos minutos con los presentes en el evento religioso, en el que luci\u00f3 un abrigo azul marino que hac\u00eda conjunto con su sombrero.<\/p>\n<p>Como se mencion\u00f3 anteriormente, esta es el primer evento p\u00fablico de este tipo en el que se le ve con bast\u00f3n por simple comodidad; Sin embargo, entre el 2013 y 2014 hubo algunas ocasiones en las que se le vio utilizar el bast\u00f3n a consecuencia de su operaci\u00f3n de rodilla.<\/p>\n<p>Los pr\u00f3ximos eventos de la reina Isabel II<br \/>\nSe prev\u00e9 que la reina Isabel II y otros miembros de la familia, como su hijo el pr\u00edncipe Carlos y los duques de Cambridge, acudan a la cumbre del clima COP26 con fecha de celebraci\u00f3n del 31 de octubre al 12 de noviembre, en la ciudad de Glasgow, Escocia.<\/p>\n","protected":false},"excerpt":{"rendered":"<p>La reina Isabel II fue vista este martes apoy\u00e1ndose de un bast\u00f3n durante un evento, lo que caus\u00f3 impresi\u00f3n entre el p\u00fablico. Este martes 12 de octubre, la reina Isabel II asisti\u00f3 a un servicio religioso en la abad\u00eda de Westminster, Londres, su presencia conmovi\u00f3 a los presentes, pero lo que m\u00e1s sorprendi\u00f3 fue que &hellip; <\/p>\n<p><a class=\"more-link btn\" href=\"https:\/\/lamendigapolitica.com\/?p=70972\">Seguir leyendo<\/a><\/p>\n","protected":false},"author":1,"featured_media":0,"comment_status":"open","ping_status":"closed","sticky":false,"template":"","format":"standard","meta":{"footnotes":""},"categories":[36,20,31,29,22],"tags":[],"class_list":["post-70972","post","type-post","status-publish","format-standard","hentry","category-espectaculos","category-gobierno","category-internacional","category-salud","category-sociales","item-wrap"],"_links":{"self":[{"href":"https:\/\/lamendigapolitica.com\/index.php?rest_route=\/wp\/v2\/posts\/70972","targetHints":{"allow":["GET"]}}],"collection":[{"href":"https:\/\/lamendigapolitica.com\/index.php?rest_route=\/wp\/v2\/posts"}],"about":[{"href":"https:\/\/lamendigapolitica.com\/index.php?rest_route=\/wp\/v2\/types\/post"}],"author":[{"embeddable":true,"href":"https:\/\/lamendigapolitica.com\/index.php?rest_route=\/wp\/v2\/users\/1"}],"replies":[{"embeddable":true,"href":"https:\/\/lamendigapolitica.com\/index.php?rest_route=%2Fwp%2Fv2%2Fcomments&post=70972"}],"version-history":[{"count":1,"href":"https:\/\/lamendigapolitica.com\/index.php?rest_route=\/wp\/v2\/posts\/70972\/revisions"}],"predecessor-version":[{"id":70974,"href":"https:\/\/lamendigapolitica.com\/index.php?rest_route=\/wp\/v2\/posts\/70972\/revisions\/70974"}],"wp:attachment":[{"href":"https:\/\/lamendigapolitica.com\/index.php?rest_route=%2Fwp%2Fv2%2Fmedia&parent=70972"}],"wp:term":[{"taxonomy":"category","embeddable":true,"href":"https:\/\/lamendigapolitica.com\/index.php?rest_route=%2Fwp%2Fv2%2Fcategories&post=70972"},{"taxonomy":"post_tag","embeddable":true,"href":"https:\/\/lamendigapolitica.com\/index.php?rest_route=%2Fwp%2Fv2%2Ftags&post=70972"}],"curies":[{"name":"wp","href":"https:\/\/api.w.org\/{rel}","templated":true}]}}