{"id":70936,"date":"2021-10-09T10:34:09","date_gmt":"2021-10-09T15:34:09","guid":{"rendered":"http:\/\/lamendigapolitica.com\/?p=70936"},"modified":"2021-10-10T00:43:05","modified_gmt":"2021-10-10T05:43:05","slug":"concluye-edicion-36-del-festival-internacional-de-cine-en-guadalajara","status":"publish","type":"post","link":"https:\/\/lamendigapolitica.com\/?p=70936","title":{"rendered":"Concluye edici\u00f3n 36 del Festival Internacional de Cine en Guadalajara"},"content":{"rendered":"<hr \/>\n<p><a href=\"https:\/\/lamendigapolitica.com\/blog\/?attachment_id=70937\" rel=\"attachment wp-att-70937\"><img loading=\"lazy\" decoding=\"async\" class=\"aligncenter size-full wp-image-70937\" src=\"https:\/\/lamendigapolitica.com\/blog\/wp-content\/uploads\/2021\/10\/1.jpg\" alt=\"\" width=\"1066\" height=\"771\" \/><\/a><\/p>\n<p>La cintas \u201cInmersi\u00f3n\u201d y \u201cMis hermanos sue\u00f1an despiertos\u201d, las m\u00e1s ganadoras<\/p>\n<p>Con la entrega de los Premios Palmar\u00e9s, que por primera vez dieron a conocer a sus ganadores en la ceremonia de clausura, lleg\u00f3 a su fin la edici\u00f3n 36 del Festival Internacional de Cine en Guadalajara (FICG), en el Auditorio Telmex.<\/p>\n<p>En la secci\u00f3n Hecho en Jalisco que busca reconocer a los profesionales que construyen la industria del cine en el estado, se entreg\u00f3 una menci\u00f3n honor\u00edfica a la cinta La llevada y la tra\u00edda, de Ofelia Medina, mientras que la cinta ganadora fue para Domingo, de Ra\u00fal L\u00f3pez Echeverr\u00eda.<!--more--><\/p>\n<p>En la categor\u00eda de cortometraje Iberoamericano, donde participaron trabajos producidos en nueve pa\u00edses, el premio al mejor, fue para Before I Die, de Iker Esteibarlanda, quien recibi\u00f3 la estatuilla Mayahuel y 75 mil pesos, otorgados al director. Manchester Acatitla de Selma Cervantes, recibi\u00f3 menci\u00f3n especial.<\/p>\n<p>El Premio Internacional Rigo Mora de Cortometraje de Animaci\u00f3n, dotado con la estatuilla Mayahuel y 200 mil pesos, fue entregado a la Bestia, de Hugo Covarrubias, mientras que Steakhouse, de \u0160pela \u010cade\u017e, recibi\u00f3 menci\u00f3n honor\u00edfica.<\/p>\n<p>En la secci\u00f3n Premio Maguey, que desde hace 10 a\u00f1os ha dado espacio al cine que relata y celebra la diversidad, en mejor interpretaci\u00f3n, fue para Lara Tremouroux, de Medusa, quien expres\u00f3 su agradecimiento y se\u00f1al\u00f3 que para Brasil no es un momento f\u00e1cil para el arte y la cultura, ya que no hay incentivos.<\/p>\n<p>El Premio Maguey del Jurado fue para Tobi Sz\u00ednei, de Alexa Bakony, quien agradeci\u00f3 el reconocimiento y expres\u00f3 que nunca hab\u00eda estado tan lejos de su hogar.<\/p>\n<p>El Premio Maguey a la mejor pel\u00edcula fue ganado por Our Bodies are Your Battlefields, de Isabelle Solas, quien agradeci\u00f3 a la chicas que encontr\u00f3 en Argentina que le hicieron aprender mucho y que para ella son hero\u00ednas<\/p>\n<p>El premio a la mejor pel\u00edcula internacional de animaci\u00f3n, que consta de la estatuilla Mayahuel y 500 mil pesos, fue para My Sunny Maad, de Michaela Pavl\u00e1tov\u00e1, mientras que Bob Cuspe &#8211; N\u00f3s N\u00e3o Gostamos de Gente, de C\u00e9sar Cabral, recibi\u00f3 menci\u00f3n honor\u00edfica.<\/p>\n<p>En la categor\u00eda de mejor Largometraje Iberoamericano Documental, la ganadora fue El Cielo est\u00e1 Rojo, de Francina Carbonell, quien adem\u00e1s de la estatuilla Mayahuel recibi\u00f3 200 mil pesos y se otorg\u00f3 una menci\u00f3n honor\u00edfica a Vals de Santo Domingo, de Tatiana Fern\u00e1ndez Geara.<\/p>\n<p>El premio Mayahuel a la mejor fotograf\u00eda de largometraje documental fue para Eryk Rocha y Jorge Chechile, por Edna, mientras que el ganador a la mejor direcci\u00f3n fue Luiz Bolognesi, por A \u00daltima Floresta.<\/p>\n<p>El premio a la mejor actriz de largometraje Iberoamericano de ficci\u00f3n fue para Mar\u00eda Romanillos de Las Consecuencias, quien manifest\u00f3 su sorpresa por un premio que no esperaba.<\/p>\n<p>La pel\u00edcula de Inmersi\u00f3n de Nicol\u00e1s Postiglione, obtuvo los premios en la categor\u00eda de largometraje de ficci\u00f3n a la mejor \u00f3pera prima, mejor fotograf\u00eda y mejor director. El productor de la cinta, Mois\u00e9s Sep\u00falveda comparti\u00f3 que la pel\u00edcula habla del clasismo y contribuye a que en Chile se acerquen m\u00e1s como naci\u00f3n.<\/p>\n<p>En esta misma categor\u00eda la cinta Mis hermanos sue\u00f1an despiertos de Claudia Huaiquimilla obtuvo el galard\u00f3n a la mejor pel\u00edcula, dotado por 500 mil pesos, al mejor guion. El mejor actor fue Iv\u00e1n C\u00e1ceres por Mis Hermanos Sue\u00f1an Despiertos.<\/p>\n<p>El premio Mezcal del p\u00fablico dotado de 100 mil pesos, que otorgan los asistentes a la salas y que con su voto deciden cu\u00e1l es la cinta que mueve sus emociones, fue para Poderoso Victoria de Ra\u00fal Ram\u00f3n, que obtuvo una calificaci\u00f3n de 9.9.<\/p>\n<p>El Premio Mezcal Joven, reconocimiento que otorgan 16 estudiantes de universidades de Latinoam\u00e9rica y Estados Unidos, a la mejor pel\u00edcula fue ganado por Dirty Feathers, de Carlos Alfonso Corral, mientras que Mostro, de Jos\u00e9 Pablo Escamilla, recibi\u00f3 menci\u00f3n especial.<\/p>\n<p>El Premio Mezcal que reconoce lo mejor del cine mexicano en competencia, en la categor\u00eda de mejor actriz entreg\u00f3 el galard\u00f3n a Ilse Salas por Plaza Catedral.<\/p>\n<p>El premio al mejor actor mexicano fue para Fernando Javier Casta por Plaza Catedral, quien fue asesinado meses antes de terminar la pel\u00edcula.<\/p>\n<p>El Premio Mezcal a la mejor pel\u00edcula mexicana dotado de 500 mil pesos fue para El Comediante, de Rodrigo Guardiola y Gabriel Nuncio.<\/p>\n<p>Como mejor fotograf\u00eda, La ganadora fue Mar\u00eda Secco por El comediante, mientras que en mejor direcci\u00f3n: fue premiada Nos hicieron noche, de Antonio Hern\u00e1ndez.<\/p>\n<p>La ceremonia de clausura, conducida por el actor Andr\u00e9s Zuno y la actriz Daniela Schmidt, concluy\u00f3 con la presentaci\u00f3n de los primeros dos cap\u00edtulos, de un total de nueve, de la serie de Netflix, Maya y los tres, creada y dirigida por Jorge R. Guti\u00e9rrez, que por primera vez se proyect\u00f3 en una pantalla de cine.<\/p>\n<p>La serie animada est\u00e1 basada en las culturas mesoamericanas, representa aspectos de cada una de ellas y se estrenar\u00e1 en la plataforma el pr\u00f3ximo 22 de octubre.<\/p>\n<p>La asistencia total al FICG fue de 22 mil asistentes, cont\u00f3 con 21 funciones al aire libre, se exhibieron 162 pel\u00edculas, 96 de ellas en competencia, 52 largometrajes participaron en competencia, Guatemala, pa\u00eds invitado de honor present\u00f3 17 pel\u00edculas y se realizaron un total de 308 proyecciones.<\/p>\n","protected":false},"excerpt":{"rendered":"<p>La cintas \u201cInmersi\u00f3n\u201d y \u201cMis hermanos sue\u00f1an despiertos\u201d, las m\u00e1s ganadoras Con la entrega de los Premios Palmar\u00e9s, que por primera vez dieron a conocer a sus ganadores en la ceremonia de clausura, lleg\u00f3 a su fin la edici\u00f3n 36 del Festival Internacional de Cine en Guadalajara (FICG), en el Auditorio Telmex. En la secci\u00f3n &hellip; <\/p>\n<p><a class=\"more-link btn\" href=\"https:\/\/lamendigapolitica.com\/?p=70936\">Seguir leyendo<\/a><\/p>\n","protected":false},"author":1,"featured_media":0,"comment_status":"open","ping_status":"closed","sticky":false,"template":"","format":"standard","meta":{"footnotes":""},"categories":[26,28,36,22],"tags":[],"class_list":["post-70936","post","type-post","status-publish","format-standard","hentry","category-cultura","category-educacion","category-espectaculos","category-sociales","item-wrap"],"_links":{"self":[{"href":"https:\/\/lamendigapolitica.com\/index.php?rest_route=\/wp\/v2\/posts\/70936","targetHints":{"allow":["GET"]}}],"collection":[{"href":"https:\/\/lamendigapolitica.com\/index.php?rest_route=\/wp\/v2\/posts"}],"about":[{"href":"https:\/\/lamendigapolitica.com\/index.php?rest_route=\/wp\/v2\/types\/post"}],"author":[{"embeddable":true,"href":"https:\/\/lamendigapolitica.com\/index.php?rest_route=\/wp\/v2\/users\/1"}],"replies":[{"embeddable":true,"href":"https:\/\/lamendigapolitica.com\/index.php?rest_route=%2Fwp%2Fv2%2Fcomments&post=70936"}],"version-history":[{"count":1,"href":"https:\/\/lamendigapolitica.com\/index.php?rest_route=\/wp\/v2\/posts\/70936\/revisions"}],"predecessor-version":[{"id":70938,"href":"https:\/\/lamendigapolitica.com\/index.php?rest_route=\/wp\/v2\/posts\/70936\/revisions\/70938"}],"wp:attachment":[{"href":"https:\/\/lamendigapolitica.com\/index.php?rest_route=%2Fwp%2Fv2%2Fmedia&parent=70936"}],"wp:term":[{"taxonomy":"category","embeddable":true,"href":"https:\/\/lamendigapolitica.com\/index.php?rest_route=%2Fwp%2Fv2%2Fcategories&post=70936"},{"taxonomy":"post_tag","embeddable":true,"href":"https:\/\/lamendigapolitica.com\/index.php?rest_route=%2Fwp%2Fv2%2Ftags&post=70936"}],"curies":[{"name":"wp","href":"https:\/\/api.w.org\/{rel}","templated":true}]}}