{"id":70872,"date":"2021-10-03T20:06:50","date_gmt":"2021-10-04T01:06:50","guid":{"rendered":"http:\/\/lamendigapolitica.com\/?p=70872"},"modified":"2021-10-03T20:06:50","modified_gmt":"2021-10-04T01:06:50","slug":"cuatro-peliculas-apoyadas-por-la-comision-de-filmaciones-de-jalisco-se-estrenan-en-el-fic-de-guadalajara","status":"publish","type":"post","link":"https:\/\/lamendigapolitica.com\/?p=70872","title":{"rendered":"Cuatro pel\u00edculas apoyadas por la Comisi\u00f3n de Filmaciones de Jalisco se estrenan en el FIC de Guadalajara"},"content":{"rendered":"<p><a href=\"https:\/\/lamendigapolitica.com\/blog\/?attachment_id=70873\" rel=\"attachment wp-att-70873\"><img loading=\"lazy\" decoding=\"async\" class=\"aligncenter size-full wp-image-70873\" src=\"https:\/\/lamendigapolitica.com\/blog\/wp-content\/uploads\/2021\/10\/6e62009c-d8cf-7dd4-1230-af1223f0e96c.jpg\" alt=\"\" width=\"750\" height=\"1057\" \/><\/a><\/p>\n<p>A trav\u00e9s de la Convocatoria Filma en Jalisco se otorgaron $10,850,000 para impulsar la industria f\u00edlmica<br \/>\n&#8211; Domingo, El Rey de todo el Mundo, El Viaje de Paty y Poderoso Victoria, son las cintas apoyadas<\/p>\n<p>La Secretar\u00eda de Desarrollo Econ\u00f3mico (Sedeco) por medio de la Comisi\u00f3n de Filmaciones de Jalisco busca impulsar el talento jalisciense y consolidar a la entidad como el destino f\u00edlmico de M\u00e9xico.<!--more--><\/p>\n<p>Este a\u00f1o en la trig\u00e9sima sexta edici\u00f3n del Festival Internacional de Cine de Guadalajara se estrenar\u00e1n 4 pel\u00edculas, las cuales fueron apoyadas con la convocatoria Filma en Jalisco (COFIEJ) y filmadas en el estado.<\/p>\n<p>Domingo, El Rey de todo el Mundo, El Viaje de Paty y Poderoso Victoria, fueron acreedoras a 10 millones 850 mil pesos, entregados por la COFIEJ para su producci\u00f3n, los cuales fueron gastados en su totalidad en el estado con el fin de generar derrama local.<\/p>\n<p>Para Rodolfo Guzm\u00e1n Salas, director de la Comisi\u00f3n de Filmaciones de Jalisco, el que en esta ocasi\u00f3n formen parte de la cartelera del festival de cine 4 pel\u00edculas apoyadas por la comisi\u00f3n es resultado del trabajo que han realizado desde el Gobierno de Jalisco para consolidar a la entidad como l\u00edder en la industria cinematogr\u00e1fica.<\/p>\n<p>\u201cEs muy importante, n\u00famero uno porque el Festival Internacional de Cine de Guadalajara, es el festival n\u00famero uno, el m\u00e1s longevo de M\u00e9xico, uno de los festivales m\u00e1s importantes de Am\u00e9rica Latina, es un excelente escaparate. Adem\u00e1s, definitivamente vale la pena resaltar el crecimiento de nuestra industria, el objetivo que hemos tenido desde un principio, cada vez es superado, a\u00f1o con a\u00f1o, cosa que nos da much\u00edsimo gusto y que cada vez estamos logrando ahora s\u00ed que mejores n\u00fameros.<\/p>\n<p>\u00abEn menos de un mes rebasamos lo que hab\u00edamos dicho, ya hab\u00edamos mejorado la cantidad, la tasa m\u00e1s alta que hab\u00edamos logrado en 2019 antes de pandemia, que eran 163 producciones, y ahorita estamos, hasta el 30 de septiembre logramos 210 producciones y tenemos una derrama econ\u00f3mica ya, ya rebasamos los $400 millones de pesos\u201d, se\u00f1al\u00f3.<\/p>\n<p>Guzm\u00e1n Salas destac\u00f3 que en el caso de la pel\u00edcula El Rey de todo el Mundo, el apoyo fue internacional ya que recientemente fue estrenada en festivales de Italia y Espa\u00f1a y cuenta con un gran n\u00famero de bailarines tapat\u00edos. Resalt\u00f3 tambi\u00e9n que la pel\u00edcula de Domingo se conforma de solo talento local.<\/p>\n<p>Domingo, narra la historia de un hombre de 55 a\u00f1os, que se propone hacer realidad el sue\u00f1o de su vida, conseguir un trabajo en la estaci\u00f3n de televisi\u00f3n local como su objetivo final, pero nunca imagin\u00f3 cu\u00e1nto sus apasionados comentarios est\u00e1n cambiando la vida de toda su comunidad. Fue dirigida por Ra\u00fal L\u00f3pez Echeverr\u00eda, director mexicano ganador del premio al mejor cortometraje internacional en 2003 en el International Independent Film Festival of New York.<\/p>\n<p>El Rey de todo el Mundo fue filmada 100% en Jalisco y cuenta la historia de un famoso director de escena que ha estado un tiempo alejado del escenario, decide regresar con una obra de teatro cargada de pasi\u00f3n y violencia, dirigida por Carlos Saura, director espa\u00f1ol multipremiado. Ana de la Reguera, Demi\u00e1n Alc\u00e1zar y Manolo Cardona forman parte del reparto.<\/p>\n<p>El Viaje de Paty, dirigida por Santiago Pedroche, nos cuenta la traves\u00eda por la cual Paty una mujer ind\u00edgena del pueblo wix\u00e1rika pas\u00f3 para transformar y mejorar la forma de vida para las mujeres de su comunidad.<\/p>\n<p>Poderoso Victoria, dirigida por Ra\u00fal Ram\u00f3n, cinefot\u00f3grafo, director y productor mexicano multipremiado, debut\u00f3, como director y guionista, de esta cinta, la cual es un homenaje al ingenio mexicano. Entre su reparto se encuentran: Dami\u00e1n Alc\u00e1zar, Edgar Vivar, Eduardo Espa\u00f1a, Lorena de la Torre y Adal Ramones.<\/p>\n","protected":false},"excerpt":{"rendered":"<p>A trav\u00e9s de la Convocatoria Filma en Jalisco se otorgaron $10,850,000 para impulsar la industria f\u00edlmica &#8211; Domingo, El Rey de todo el Mundo, El Viaje de Paty y Poderoso Victoria, son las cintas apoyadas La Secretar\u00eda de Desarrollo Econ\u00f3mico (Sedeco) por medio de la Comisi\u00f3n de Filmaciones de Jalisco busca impulsar el talento jalisciense &hellip; <\/p>\n<p><a class=\"more-link btn\" href=\"https:\/\/lamendigapolitica.com\/?p=70872\">Seguir leyendo<\/a><\/p>\n","protected":false},"author":1,"featured_media":0,"comment_status":"open","ping_status":"closed","sticky":false,"template":"","format":"standard","meta":{"footnotes":""},"categories":[26,36,20,22,24],"tags":[],"class_list":["post-70872","post","type-post","status-publish","format-standard","hentry","category-cultura","category-espectaculos","category-gobierno","category-sociales","category-turismo","item-wrap"],"_links":{"self":[{"href":"https:\/\/lamendigapolitica.com\/index.php?rest_route=\/wp\/v2\/posts\/70872","targetHints":{"allow":["GET"]}}],"collection":[{"href":"https:\/\/lamendigapolitica.com\/index.php?rest_route=\/wp\/v2\/posts"}],"about":[{"href":"https:\/\/lamendigapolitica.com\/index.php?rest_route=\/wp\/v2\/types\/post"}],"author":[{"embeddable":true,"href":"https:\/\/lamendigapolitica.com\/index.php?rest_route=\/wp\/v2\/users\/1"}],"replies":[{"embeddable":true,"href":"https:\/\/lamendigapolitica.com\/index.php?rest_route=%2Fwp%2Fv2%2Fcomments&post=70872"}],"version-history":[{"count":1,"href":"https:\/\/lamendigapolitica.com\/index.php?rest_route=\/wp\/v2\/posts\/70872\/revisions"}],"predecessor-version":[{"id":70874,"href":"https:\/\/lamendigapolitica.com\/index.php?rest_route=\/wp\/v2\/posts\/70872\/revisions\/70874"}],"wp:attachment":[{"href":"https:\/\/lamendigapolitica.com\/index.php?rest_route=%2Fwp%2Fv2%2Fmedia&parent=70872"}],"wp:term":[{"taxonomy":"category","embeddable":true,"href":"https:\/\/lamendigapolitica.com\/index.php?rest_route=%2Fwp%2Fv2%2Fcategories&post=70872"},{"taxonomy":"post_tag","embeddable":true,"href":"https:\/\/lamendigapolitica.com\/index.php?rest_route=%2Fwp%2Fv2%2Ftags&post=70872"}],"curies":[{"name":"wp","href":"https:\/\/api.w.org\/{rel}","templated":true}]}}