{"id":70714,"date":"2021-09-19T14:38:43","date_gmt":"2021-09-19T19:38:43","guid":{"rendered":"http:\/\/lamendigapolitica.com\/?p=70714"},"modified":"2021-09-19T14:44:01","modified_gmt":"2021-09-19T19:44:01","slug":"se-repite-en-italia-el-milagro-de-la-licuefaccion-de-la-sangre-de-san-genaro","status":"publish","type":"post","link":"https:\/\/lamendigapolitica.com\/?p=70714","title":{"rendered":"Se repite en Italia el milagro de la licuefacci\u00f3n de la sangre de San Genaro"},"content":{"rendered":"<p><a href=\"https:\/\/lamendigapolitica.com\/blog\/?attachment_id=70715\" rel=\"attachment wp-att-70715\"><img loading=\"lazy\" decoding=\"async\" class=\"aligncenter size-full wp-image-70715\" src=\"https:\/\/lamendigapolitica.com\/blog\/wp-content\/uploads\/2021\/09\/5.jpg\" alt=\"\" width=\"675\" height=\"365\" \/><\/a><\/p>\n<p>ACIPress.- Este domingo 19 de septiembre se repiti\u00f3 el milagro de la licuefacci\u00f3n de la sangre de San Genaro, la cual se custodia en un relicario en la Catedral de N\u00e1poles, Italia.<\/p>\n<p>El Arzobispo de N\u00e1poles, Mons. Domenico Battaglia, presidi\u00f3 la Eucarist\u00eda en la Catedral a las 10:00 a.m. (hora local), poco antes de la Misa traslad\u00f3 el relicario con la sangre de San Genaro desde la capilla del tesoro al altar mayor de la Catedral en donde permaneci\u00f3 durante toda la celebraci\u00f3n eucar\u00edstica.<!--more--><\/p>\n<p>A la Misa asistieron diferentes autoridades civiles y religiosas, entre ellas, el Arzobispo em\u00e9rito de N\u00e1poles, Cardenal Crescenzo Sepe. Adem\u00e1s, pudieron estar presentes dentro de la Catedral 450 fieles debido a las actuales medidas sanitarias por el COVID-19.<\/p>\n<p>Como es tradici\u00f3n, al finalizar la Misa, Mons. Battaglia bendijo a las personas con el relicario de la sangre de San Genaro, tambi\u00e9n a quienes estaban fuera de la Catedral.<\/p>\n<p>La licuefacci\u00f3n de la sangre de San Genaro<br \/>\nLa licuefacci\u00f3n de la sangre de este santo es un fen\u00f3meno inexplicable que se produce tres veces al a\u00f1o: el s\u00e1bado anterior al primer domingo de mayo, con motivo de la traslaci\u00f3n de los restos del santo a N\u00e1poles; el d\u00eda de su fiesta lit\u00fargica, el 19 de septiembre; y el 16 de diciembre, aniversario de la intercesi\u00f3n de San Genaro para evitar los efectos de la erupci\u00f3n del volc\u00e1n Vesubio en 1631.<\/p>\n<p>En diciembre de 2016 no se produjo el milagro, lo cual provoc\u00f3 cierta preocupaci\u00f3n entre los fieles. Aunque el hecho de que no se lic\u00fae se suele interpretar como el anuncio de un desastre, este no siempre ocurre.<\/p>\n<p>De hecho, el proceso no siempre se produce del mismo modo: a veces la licuefacci\u00f3n tarda varias horas, o incluso d\u00edas. En otras, como en 2018, el milagro se produce antes de la celebraci\u00f3n lit\u00fargica, y en otras ocasiones, por motivos desconocidos, la sangre no se lic\u00faa.<\/p>\n<p>El mismo Papa Francisco fue testigo del fen\u00f3meno en marzo de 2015. En aquella ocasi\u00f3n, la sangre se licu\u00f3 delante de la mirada del Santo Padre fuera de las tres fechas indicadas. Por lo tanto, se trat\u00f3 de un hecho extraordinario que tambi\u00e9n se produjo en 1848 ante el Papa P\u00edo IX.<\/p>\n<p>El milagro no sucedi\u00f3 durante las visitas de San Juan Pablo II en 1979, ni de Benedicto XVI en 2007.<\/p>\n<p>El martirio de San Genaro<br \/>\nSan Genaro, patrono de N\u00e1poles, fue Obispo de Benevento. Durante la persecuci\u00f3n contra los cristianos fue hecho prisionero junto a sus compa\u00f1eros y sometido a terribles torturas.<\/p>\n<p>Un d\u00eda, \u00e9l y sus amigos fueron arrojados a los leones, pero las bestias solo rugieron sin acerc\u00e1rseles. Entonces fueron tildados de usar magia y condenados a morir decapitados cerca de Pozzuoli, donde tambi\u00e9n fueron enterrados. Esto sucedi\u00f3 aproximadamente en el a\u00f1o 305.<\/p>\n<p>Las reliquias de San Genaro fueron trasladadas a diferentes lugares hasta que finalmente llegaron a N\u00e1poles en 1497.<\/p>\n","protected":false},"excerpt":{"rendered":"<p>ACIPress.- Este domingo 19 de septiembre se repiti\u00f3 el milagro de la licuefacci\u00f3n de la sangre de San Genaro, la cual se custodia en un relicario en la Catedral de N\u00e1poles, Italia. El Arzobispo de N\u00e1poles, Mons. Domenico Battaglia, presidi\u00f3 la Eucarist\u00eda en la Catedral a las 10:00 a.m. (hora local), poco antes de la &hellip; <\/p>\n<p><a class=\"more-link btn\" href=\"https:\/\/lamendigapolitica.com\/?p=70714\">Seguir leyendo<\/a><\/p>\n","protected":false},"author":1,"featured_media":0,"comment_status":"open","ping_status":"closed","sticky":false,"template":"","format":"standard","meta":{"footnotes":""},"categories":[36,31,21],"tags":[],"class_list":["post-70714","post","type-post","status-publish","format-standard","hentry","category-espectaculos","category-internacional","category-religion","item-wrap"],"_links":{"self":[{"href":"https:\/\/lamendigapolitica.com\/index.php?rest_route=\/wp\/v2\/posts\/70714","targetHints":{"allow":["GET"]}}],"collection":[{"href":"https:\/\/lamendigapolitica.com\/index.php?rest_route=\/wp\/v2\/posts"}],"about":[{"href":"https:\/\/lamendigapolitica.com\/index.php?rest_route=\/wp\/v2\/types\/post"}],"author":[{"embeddable":true,"href":"https:\/\/lamendigapolitica.com\/index.php?rest_route=\/wp\/v2\/users\/1"}],"replies":[{"embeddable":true,"href":"https:\/\/lamendigapolitica.com\/index.php?rest_route=%2Fwp%2Fv2%2Fcomments&post=70714"}],"version-history":[{"count":2,"href":"https:\/\/lamendigapolitica.com\/index.php?rest_route=\/wp\/v2\/posts\/70714\/revisions"}],"predecessor-version":[{"id":70721,"href":"https:\/\/lamendigapolitica.com\/index.php?rest_route=\/wp\/v2\/posts\/70714\/revisions\/70721"}],"wp:attachment":[{"href":"https:\/\/lamendigapolitica.com\/index.php?rest_route=%2Fwp%2Fv2%2Fmedia&parent=70714"}],"wp:term":[{"taxonomy":"category","embeddable":true,"href":"https:\/\/lamendigapolitica.com\/index.php?rest_route=%2Fwp%2Fv2%2Fcategories&post=70714"},{"taxonomy":"post_tag","embeddable":true,"href":"https:\/\/lamendigapolitica.com\/index.php?rest_route=%2Fwp%2Fv2%2Ftags&post=70714"}],"curies":[{"name":"wp","href":"https:\/\/api.w.org\/{rel}","templated":true}]}}