{"id":70523,"date":"2021-09-03T17:43:15","date_gmt":"2021-09-03T22:43:15","guid":{"rendered":"http:\/\/lamendigapolitica.com\/?p=70523"},"modified":"2021-09-03T17:43:15","modified_gmt":"2021-09-03T22:43:15","slug":"iluminan-edificios-publicos-por-el-211-aniversario-de-la-independencia-de-mexico","status":"publish","type":"post","link":"https:\/\/lamendigapolitica.com\/?p=70523","title":{"rendered":"Iluminan edificios p\u00fablicos por el 211 aniversario de la Independencia de M\u00e9xico"},"content":{"rendered":"<p><a href=\"https:\/\/lamendigapolitica.com\/blog\/?attachment_id=70524\" rel=\"attachment wp-att-70524\"><img loading=\"lazy\" decoding=\"async\" class=\"aligncenter size-full wp-image-70524\" src=\"https:\/\/lamendigapolitica.com\/blog\/wp-content\/uploads\/2021\/09\/7d16c6b3-3682-4593-bcd2-ed7c4c0cdf94.jpg\" alt=\"\" width=\"1600\" height=\"898\" \/><\/a><\/p>\n<p>Con motivo del 211 aniversario del inicio de la lucha de Independencia de M\u00e9xico, el Gobierno de Guadalajara ilumina con los colores patrios los principales edificios p\u00fablicos del municipio, como parte de las actividades que a\u00f1o con a\u00f1o se realizan para conmemorar esta fecha.<\/p>\n<p>Por lo anterior, inmuebles como el Palacio Municipal de Guadalajara, la Rotonda de los Jaliscienses Ilustres, el Teatro Degollado, el Palacio de Gobierno, Arboretum en la Plaza de Armas, Los Arcos de avenida Vallarta, La Minerva, el puente \u201cMatute Remus\u201d y la Estampida, estar\u00e1n iluminados durante el mes de septiembre con luces verdes, blancas y rojas.<\/p>\n","protected":false},"excerpt":{"rendered":"<p>Con motivo del 211 aniversario del inicio de la lucha de Independencia de M\u00e9xico, el Gobierno de Guadalajara ilumina con los colores patrios los principales edificios p\u00fablicos del municipio, como parte de las actividades que a\u00f1o con a\u00f1o se realizan para conmemorar esta fecha. Por lo anterior, inmuebles como el Palacio Municipal de Guadalajara, la &hellip; <\/p>\n<p><a class=\"more-link btn\" href=\"https:\/\/lamendigapolitica.com\/?p=70523\">Seguir leyendo<\/a><\/p>\n","protected":false},"author":1,"featured_media":0,"comment_status":"open","ping_status":"closed","sticky":false,"template":"","format":"standard","meta":{"footnotes":""},"categories":[97,26,28,36,20,24],"tags":[],"class_list":["post-70523","post","type-post","status-publish","format-standard","hentry","category-comunicacion","category-cultura","category-educacion","category-espectaculos","category-gobierno","category-turismo","item-wrap"],"_links":{"self":[{"href":"https:\/\/lamendigapolitica.com\/index.php?rest_route=\/wp\/v2\/posts\/70523","targetHints":{"allow":["GET"]}}],"collection":[{"href":"https:\/\/lamendigapolitica.com\/index.php?rest_route=\/wp\/v2\/posts"}],"about":[{"href":"https:\/\/lamendigapolitica.com\/index.php?rest_route=\/wp\/v2\/types\/post"}],"author":[{"embeddable":true,"href":"https:\/\/lamendigapolitica.com\/index.php?rest_route=\/wp\/v2\/users\/1"}],"replies":[{"embeddable":true,"href":"https:\/\/lamendigapolitica.com\/index.php?rest_route=%2Fwp%2Fv2%2Fcomments&post=70523"}],"version-history":[{"count":1,"href":"https:\/\/lamendigapolitica.com\/index.php?rest_route=\/wp\/v2\/posts\/70523\/revisions"}],"predecessor-version":[{"id":70525,"href":"https:\/\/lamendigapolitica.com\/index.php?rest_route=\/wp\/v2\/posts\/70523\/revisions\/70525"}],"wp:attachment":[{"href":"https:\/\/lamendigapolitica.com\/index.php?rest_route=%2Fwp%2Fv2%2Fmedia&parent=70523"}],"wp:term":[{"taxonomy":"category","embeddable":true,"href":"https:\/\/lamendigapolitica.com\/index.php?rest_route=%2Fwp%2Fv2%2Fcategories&post=70523"},{"taxonomy":"post_tag","embeddable":true,"href":"https:\/\/lamendigapolitica.com\/index.php?rest_route=%2Fwp%2Fv2%2Ftags&post=70523"}],"curies":[{"name":"wp","href":"https:\/\/api.w.org\/{rel}","templated":true}]}}