{"id":70503,"date":"2021-09-02T15:28:22","date_gmt":"2021-09-02T20:28:22","guid":{"rendered":"http:\/\/lamendigapolitica.com\/?p=70503"},"modified":"2021-09-02T15:28:22","modified_gmt":"2021-09-02T20:28:22","slug":"sera-jalisco-sede-del-noveno-encuentro-nacional-de-comisiones-filmicas","status":"publish","type":"post","link":"https:\/\/lamendigapolitica.com\/?p=70503","title":{"rendered":"Ser\u00e1 Jalisco sede del noveno encuentro nacional de comisiones f\u00edlmicas"},"content":{"rendered":"<p><a href=\"https:\/\/lamendigapolitica.com\/blog\/?attachment_id=70504\" rel=\"attachment wp-att-70504\"><img loading=\"lazy\" decoding=\"async\" class=\"aligncenter size-full wp-image-70504\" src=\"https:\/\/lamendigapolitica.com\/blog\/wp-content\/uploads\/2021\/09\/film.jpg\" alt=\"\" width=\"768\" height=\"492\" srcset=\"https:\/\/lamendigapolitica.com\/wp-content\/uploads\/2021\/09\/film.jpg 768w, https:\/\/lamendigapolitica.com\/wp-content\/uploads\/2021\/09\/film-300x192.jpg 300w, https:\/\/lamendigapolitica.com\/wp-content\/uploads\/2021\/09\/film-555x356.jpg 555w\" sizes=\"auto, (max-width: 768px) 100vw, 768px\" \/><\/a><\/p>\n<p>La Red Mexicana de Comisiones F\u00edlmicas se reunir\u00e1n este a\u00f1o en Guadalajara, Jalisco, del 8 al 11 de septiembre<br \/>\nBuscan generar estrategias para promover las diversas iniciativas estatales y nacionales de producci\u00f3n cinematogr\u00e1fica y audiovisual, para el fomento y desarrollo de la industria en M\u00e9xico y para la profesionalizaci\u00f3n del sector<br \/>\nLas sedes ser\u00e1n Ciudad Creativa Digital (CCD) y el Centro Universitario de Ciencias Econ\u00f3mico Administrativas (CUCEA)<!--more--><\/p>\n<p>Jalisco ser\u00e1 sede de la Novena Reuni\u00f3n Nacional de Comisiones F\u00edlmicas, que reunir\u00e1 a las comisiones f\u00edlmicas estatales para promover diversas iniciativas de producci\u00f3n cinematogr\u00e1fica y audiovisual que permitan el fomento y desarrollo de la industria en M\u00e9xico, as\u00ed como la profesionalizaci\u00f3n del sector.<\/p>\n<p>Esta edici\u00f3n, organizada conjuntamente entre la Secretar\u00eda de Cultura del Gobierno de M\u00e9xico, a trav\u00e9s del Instituto Mexicano de Cinematograf\u00eda (Imcine) y la Comisi\u00f3n de Filmaciones del Estado de Jalisco, se llevar\u00e1 a cabo de manera presencial, siguiendo los protocolos para el cuidado de la salud, del 8 al 11 de septiembre de 2021, las sedes ser\u00e1n Ciudad Creativa Digital (CCD) y el Centro Universitario de Ciencias Econ\u00f3mico Administrativas (CUCEA).<\/p>\n<p>La Red Mexicana de Comisiones F\u00edlmicas surgi\u00f3 como resultado de la iniciativa de la comunidad audiovisual y cinematogr\u00e1fica de M\u00e9xico, coordinada por la Comisi\u00f3n Mexicana de Filmaciones. Sus reuniones anuales se perfilan bajo la necesidad de reunir a los estados en una unidad colaborativa, compartir experiencias, generar informaci\u00f3n y lineamientos con el fin de dar continuidad a su labor durante el a\u00f1o.<\/p>\n<p>La intenci\u00f3n de la itinerancia de su sede es la de impulsar a cada estado o<br \/>\nmunicipio co-anfitri\u00f3n y dar a conocer todas las bondades y beneficios para filmar en dicho destino, sus posibilidades de locaci\u00f3n, el mapeo espec\u00edfico de profesionales de la industria, adem\u00e1s de la infraestructura tur\u00edstica para recibir producciones y servicios a la producci\u00f3n.<\/p>\n<p>Rodolfo Guzm\u00e1n Salas, Director general de la Comisi\u00f3n de filmaciones del estado de Jalisco destac\u00f3 el crecimiento que ha tenido la industria f\u00edlmica de Jalisco durante el 2021.<\/p>\n<p>\u201cLo que llevamos ya de este a\u00f1o, ya superamos las producciones del 2019 y superamos obviamente del 2020 que tuvimos tambi\u00e9n un baj\u00f3n como en todo el mundo, pero tambi\u00e9n ya logramos una derrama econ\u00f3mica superior y vamos creciendo, entonces aqu\u00ed en Jalisco vamos a recibirlos. Vamos a tener sede Ciudad Creativa Digital un espacio muy importante para la creaci\u00f3n, para la realizaci\u00f3n audiovisual\u201d recalc\u00f3.<\/p>\n<p>Este 2021, la Novena Reuni\u00f3n Nacional de Comisiones F\u00edlmicas se realiza con eventos p\u00fablicos y cerrados destinados \u00fanicamente a las comisiones y<br \/>\noficinas de apoyo de filmaciones, todos dentro del marco de la celebraci\u00f3n por el aniversario de los 25 a\u00f1os de la Conafilm (Comisi\u00f3n Nacional de Filmaciones), hoy Comefilm (Comisi\u00f3n Mexicana de Filmaciones), la cual concluye al t\u00e9rmino de este encuentro.<\/p>\n<p>La inauguraci\u00f3n se llevar\u00e1 a cabo el 9 de septiembre a las 9:00 horas en Ciudad Creativa Digital (CCD). Ese mismo d\u00eda, como parte del programa se realizar\u00e1 la \u201cPresentaci\u00f3n de Eficine, Focine y la convocatoria Filma en Jalisco\u201d, dirigida a toda la comunidad cinematogr\u00e1fica y audiovisual del pa\u00eds, as\u00ed como el conversatorio \u201cTalento audiovisual de Jalisco\u201d, los cuales se transmitir\u00e1n por el canal oficial de Youtube tanto de la Comefilm como de Filma en Jalisco.<\/p>\n<p>Sobre las convocatorias, Rodolfo Guzm\u00e1n Salas, Director general de la Comisi\u00f3n de filmaciones del estado de Jalisco destac\u00f3 \u201cVamos a tener esta pl\u00e1tica, este di\u00e1logo que se ha dicho de los est\u00edmulos, de los apoyos, a nuestra industria de EFICINE, FOCINE y por supuesto la convocatoria de Filma en Jalisco, que estamos a unos d\u00edas de abrir y compartir para que se vengan a filmar precisamente a Jalisco, hemos repartido hasta el momento 90 millones de pesos y hemos apoyado a 42 pel\u00edculas, seguimos contando y seguimos creciendo y queremos apoyar a m\u00e1s producciones\u201d.<\/p>\n<p>Entre los eventos cerrados, a los cuales asistir\u00e1n las y los comisionados de distintas oficinas y comisiones f\u00edlmicas de M\u00e9xico suceder\u00e1n dos sesiones de la reuni\u00f3n nacional de comisiones; la presentaci\u00f3n de Eficine 189 a empresarios de Jalisco para explicar m\u00e1s a detalle el funcionamiento de este est\u00edmulo; as\u00ed como una sesi\u00f3n de networking internacional con la presencia virtual de miembros de la Latin America &amp;amp; Caribbean Film Commission Network. Se entregar\u00e1n los reconocimientos por su participaci\u00f3n, y se votar\u00e1 para elegir la sede del siguiente encuentro, la 10\u00aa Reuni\u00f3n Nacional de Comisiones F\u00edlmicas.<\/p>\n","protected":false},"excerpt":{"rendered":"<p>La Red Mexicana de Comisiones F\u00edlmicas se reunir\u00e1n este a\u00f1o en Guadalajara, Jalisco, del 8 al 11 de septiembre Buscan generar estrategias para promover las diversas iniciativas estatales y nacionales de producci\u00f3n cinematogr\u00e1fica y audiovisual, para el fomento y desarrollo de la industria en M\u00e9xico y para la profesionalizaci\u00f3n del sector Las sedes ser\u00e1n Ciudad &hellip; <\/p>\n<p><a class=\"more-link btn\" href=\"https:\/\/lamendigapolitica.com\/?p=70503\">Seguir leyendo<\/a><\/p>\n","protected":false},"author":1,"featured_media":0,"comment_status":"open","ping_status":"closed","sticky":false,"template":"","format":"standard","meta":{"footnotes":""},"categories":[26,36,20,22,41],"tags":[],"class_list":["post-70503","post","type-post","status-publish","format-standard","hentry","category-cultura","category-espectaculos","category-gobierno","category-sociales","category-tecnologia","item-wrap"],"_links":{"self":[{"href":"https:\/\/lamendigapolitica.com\/index.php?rest_route=\/wp\/v2\/posts\/70503","targetHints":{"allow":["GET"]}}],"collection":[{"href":"https:\/\/lamendigapolitica.com\/index.php?rest_route=\/wp\/v2\/posts"}],"about":[{"href":"https:\/\/lamendigapolitica.com\/index.php?rest_route=\/wp\/v2\/types\/post"}],"author":[{"embeddable":true,"href":"https:\/\/lamendigapolitica.com\/index.php?rest_route=\/wp\/v2\/users\/1"}],"replies":[{"embeddable":true,"href":"https:\/\/lamendigapolitica.com\/index.php?rest_route=%2Fwp%2Fv2%2Fcomments&post=70503"}],"version-history":[{"count":1,"href":"https:\/\/lamendigapolitica.com\/index.php?rest_route=\/wp\/v2\/posts\/70503\/revisions"}],"predecessor-version":[{"id":70505,"href":"https:\/\/lamendigapolitica.com\/index.php?rest_route=\/wp\/v2\/posts\/70503\/revisions\/70505"}],"wp:attachment":[{"href":"https:\/\/lamendigapolitica.com\/index.php?rest_route=%2Fwp%2Fv2%2Fmedia&parent=70503"}],"wp:term":[{"taxonomy":"category","embeddable":true,"href":"https:\/\/lamendigapolitica.com\/index.php?rest_route=%2Fwp%2Fv2%2Fcategories&post=70503"},{"taxonomy":"post_tag","embeddable":true,"href":"https:\/\/lamendigapolitica.com\/index.php?rest_route=%2Fwp%2Fv2%2Ftags&post=70503"}],"curies":[{"name":"wp","href":"https:\/\/api.w.org\/{rel}","templated":true}]}}