{"id":70480,"date":"2021-08-31T21:00:03","date_gmt":"2021-09-01T02:00:03","guid":{"rendered":"http:\/\/lamendigapolitica.com\/?p=70480"},"modified":"2021-08-31T21:00:03","modified_gmt":"2021-09-01T02:00:03","slug":"recibe-guadalajara-obra-en-honor-a-vicente-fernandez","status":"publish","type":"post","link":"https:\/\/lamendigapolitica.com\/?p=70480","title":{"rendered":"Recibe Guadalajara obra en honor a Vicente Fern\u00e1ndez"},"content":{"rendered":"<p><a href=\"https:\/\/lamendigapolitica.com\/blog\/?attachment_id=70481\" rel=\"attachment wp-att-70481\"><img loading=\"lazy\" decoding=\"async\" class=\"aligncenter size-large wp-image-70481\" src=\"https:\/\/lamendigapolitica.com\/blog\/wp-content\/uploads\/2021\/08\/3fbff6a8-0da3-4c0a-ad0f-5ba0746e9863-1024x682.jpg\" alt=\"\" width=\"555\" height=\"370\" \/><\/a><\/p>\n<p>El Gobierno de Guadalajara recibi\u00f3 la obra \u201cEl Charro de Huentit\u00e1n\u201d, del artista Roberto M\u00e1rquez \u201cRoberz\u201d, quien hace unas semanas arrib\u00f3 a la capital jalisciense, procedente de Estados Unidos, para elaborar una pintura en honor al cantante Vicente Fern\u00e1ndez.<!--more--><\/p>\n<p>En representaci\u00f3n del Presidente municipal interino de Guadalajara, Eduardo Fabi\u00e1n Mart\u00ednez Lomel\u00ed, el titular de la Direcci\u00f3n de Cultura, Gerardo Ascencio, expuso que \u201cun gran amigo de La Ciudad, un vecino de esta ciudad como es Roberto M\u00e1rquez \u201cRoberz\u201d, hace un donativo desinteresado de una obra que \u00e9l ha realizado.\u201d<\/p>\n<p>Por su parte, el artista se dijo orgulloso por la donaci\u00f3n de su obra que hace una semana comenz\u00f3 a pintar, al tiempo que agradeci\u00f3 el apoyo de la Direcci\u00f3n de Cultura para el desarrollo de este trabajo.<\/p>\n<p>\u201cEsta obra la titulamos \u2018El Charro de Huentit\u00e1n\u2019 que fue como una continuidad de su situaci\u00f3n que est\u00e1 pasando (el cantante) y pens\u00e9 que era muy apropiado, esta obra que hago para La Ciudad, tiene que ver en s\u00ed del charro, no m\u00e1s, que venga la gente la vea y va a mirar lo peculiar del artista, tiene un poco de cubismo y abstracto (la obra)\u201d, expuso el artista, quien hace unos d\u00edas obsequi\u00f3 a Vicente Fern\u00e1ndez una pintura que comenz\u00f3 a elaborar afuera del hospital donde a\u00fan est\u00e1 internado el artista por complicaciones en su salud.<\/p>\n<p>Entre las tem\u00e1ticas que abordar \u201cRoberz\u201d a trav\u00e9s de sus obras, principalmente en Estados Unidos, destacan la de los migrantes y el pueblo cubano.<\/p>\n","protected":false},"excerpt":{"rendered":"<p>El Gobierno de Guadalajara recibi\u00f3 la obra \u201cEl Charro de Huentit\u00e1n\u201d, del artista Roberto M\u00e1rquez \u201cRoberz\u201d, quien hace unas semanas arrib\u00f3 a la capital jalisciense, procedente de Estados Unidos, para elaborar una pintura en honor al cantante Vicente Fern\u00e1ndez.<\/p><p><a class=\"more-link btn\" href=\"https:\/\/lamendigapolitica.com\/?p=70480\">Seguir leyendo<\/a><\/p>\n","protected":false},"author":1,"featured_media":0,"comment_status":"open","ping_status":"closed","sticky":false,"template":"","format":"standard","meta":{"footnotes":""},"categories":[26,36,20,22],"tags":[],"class_list":["post-70480","post","type-post","status-publish","format-standard","hentry","category-cultura","category-espectaculos","category-gobierno","category-sociales","item-wrap"],"_links":{"self":[{"href":"https:\/\/lamendigapolitica.com\/index.php?rest_route=\/wp\/v2\/posts\/70480","targetHints":{"allow":["GET"]}}],"collection":[{"href":"https:\/\/lamendigapolitica.com\/index.php?rest_route=\/wp\/v2\/posts"}],"about":[{"href":"https:\/\/lamendigapolitica.com\/index.php?rest_route=\/wp\/v2\/types\/post"}],"author":[{"embeddable":true,"href":"https:\/\/lamendigapolitica.com\/index.php?rest_route=\/wp\/v2\/users\/1"}],"replies":[{"embeddable":true,"href":"https:\/\/lamendigapolitica.com\/index.php?rest_route=%2Fwp%2Fv2%2Fcomments&post=70480"}],"version-history":[{"count":1,"href":"https:\/\/lamendigapolitica.com\/index.php?rest_route=\/wp\/v2\/posts\/70480\/revisions"}],"predecessor-version":[{"id":70482,"href":"https:\/\/lamendigapolitica.com\/index.php?rest_route=\/wp\/v2\/posts\/70480\/revisions\/70482"}],"wp:attachment":[{"href":"https:\/\/lamendigapolitica.com\/index.php?rest_route=%2Fwp%2Fv2%2Fmedia&parent=70480"}],"wp:term":[{"taxonomy":"category","embeddable":true,"href":"https:\/\/lamendigapolitica.com\/index.php?rest_route=%2Fwp%2Fv2%2Fcategories&post=70480"},{"taxonomy":"post_tag","embeddable":true,"href":"https:\/\/lamendigapolitica.com\/index.php?rest_route=%2Fwp%2Fv2%2Ftags&post=70480"}],"curies":[{"name":"wp","href":"https:\/\/api.w.org\/{rel}","templated":true}]}}