{"id":70474,"date":"2021-08-30T18:09:15","date_gmt":"2021-08-30T23:09:15","guid":{"rendered":"http:\/\/lamendigapolitica.com\/?p=70474"},"modified":"2021-08-31T00:20:09","modified_gmt":"2021-08-31T05:20:09","slug":"universal-studios-abre-parque-en-china-en-septiembre","status":"publish","type":"post","link":"https:\/\/lamendigapolitica.com\/?p=70474","title":{"rendered":"Universal Studios abre parque en China en septiembre"},"content":{"rendered":"<p><a href=\"https:\/\/lamendigapolitica.com\/blog\/?attachment_id=70475\" rel=\"attachment wp-att-70475\"><img loading=\"lazy\" decoding=\"async\" class=\"aligncenter size-full wp-image-70475\" src=\"https:\/\/lamendigapolitica.com\/blog\/wp-content\/uploads\/2021\/08\/1000-1.jpeg\" alt=\"\" width=\"1000\" height=\"667\" \/><\/a><\/p>\n<p>AP.\u2014 Universal Studios anunci\u00f3 el lunes que su primer parque tem\u00e1tico en China abrir\u00e1 en la capital del pa\u00eds en septiembre.<\/p>\n<p>La compa\u00f1\u00eda fij\u00f3 la fecha de apertura para el 20 de septiembre, seg\u00fan un comunicado y un video publicados en la red social china WeChat.<\/p>\n<p>El parque tem\u00e1tico, que ha estado en construcci\u00f3n desde 2016, ha recibido un fuerte respaldo de las autoridades de Beijing, incluyendo la extensi\u00f3n de una de las principales l\u00edneas del metro de la ciudad hasta el lugar.<\/p>\n<p>Junto con atracciones, espect\u00e1culos, restaurantes y exposiciones, el complejo cuenta con un par de hoteles. El proyecto complementar\u00e1 los otros dos parques asi\u00e1ticos de Universal en Jap\u00f3n y Singapur.<\/p>\n<p>Las franquicias cinematogr\u00e1ficas de Harry Potter, Jurassic Park (Parque Jur\u00e1sico) y Kung Fu Panda tienen una presencia importante, junto con los Minions de las pel\u00edculas \u201cDespicable Me\u201d (\u201cMi villano favorito\u201d).<\/p>\n<p>Los sitios hist\u00f3ricos de Beijing han atra\u00eddo a turistas desde hace mucho tiempo. La pandemia de coronavirus redujo la demanda de viajes y turismo a nivel nacional, pero los nuevos casos de COVID han disminuido en el pa\u00eds, alimentando el optimismo en el sector turismo.<\/p>\n","protected":false},"excerpt":{"rendered":"<p>AP.\u2014 Universal Studios anunci\u00f3 el lunes que su primer parque tem\u00e1tico en China abrir\u00e1 en la capital del pa\u00eds en septiembre. La compa\u00f1\u00eda fij\u00f3 la fecha de apertura para el 20 de septiembre, seg\u00fan un comunicado y un video publicados en la red social china WeChat. El parque tem\u00e1tico, que ha estado en construcci\u00f3n desde &hellip; <\/p>\n<p><a class=\"more-link btn\" href=\"https:\/\/lamendigapolitica.com\/?p=70474\">Seguir leyendo<\/a><\/p>\n","protected":false},"author":1,"featured_media":0,"comment_status":"open","ping_status":"closed","sticky":false,"template":"","format":"standard","meta":{"footnotes":""},"categories":[36,31,22,24],"tags":[],"class_list":["post-70474","post","type-post","status-publish","format-standard","hentry","category-espectaculos","category-internacional","category-sociales","category-turismo","item-wrap"],"_links":{"self":[{"href":"https:\/\/lamendigapolitica.com\/index.php?rest_route=\/wp\/v2\/posts\/70474","targetHints":{"allow":["GET"]}}],"collection":[{"href":"https:\/\/lamendigapolitica.com\/index.php?rest_route=\/wp\/v2\/posts"}],"about":[{"href":"https:\/\/lamendigapolitica.com\/index.php?rest_route=\/wp\/v2\/types\/post"}],"author":[{"embeddable":true,"href":"https:\/\/lamendigapolitica.com\/index.php?rest_route=\/wp\/v2\/users\/1"}],"replies":[{"embeddable":true,"href":"https:\/\/lamendigapolitica.com\/index.php?rest_route=%2Fwp%2Fv2%2Fcomments&post=70474"}],"version-history":[{"count":1,"href":"https:\/\/lamendigapolitica.com\/index.php?rest_route=\/wp\/v2\/posts\/70474\/revisions"}],"predecessor-version":[{"id":70476,"href":"https:\/\/lamendigapolitica.com\/index.php?rest_route=\/wp\/v2\/posts\/70474\/revisions\/70476"}],"wp:attachment":[{"href":"https:\/\/lamendigapolitica.com\/index.php?rest_route=%2Fwp%2Fv2%2Fmedia&parent=70474"}],"wp:term":[{"taxonomy":"category","embeddable":true,"href":"https:\/\/lamendigapolitica.com\/index.php?rest_route=%2Fwp%2Fv2%2Fcategories&post=70474"},{"taxonomy":"post_tag","embeddable":true,"href":"https:\/\/lamendigapolitica.com\/index.php?rest_route=%2Fwp%2Fv2%2Ftags&post=70474"}],"curies":[{"name":"wp","href":"https:\/\/api.w.org\/{rel}","templated":true}]}}