{"id":70271,"date":"2021-08-10T22:07:33","date_gmt":"2021-08-11T03:07:33","guid":{"rendered":"http:\/\/lamendigapolitica.com\/?p=70271"},"modified":"2021-08-10T22:07:33","modified_gmt":"2021-08-11T03:07:33","slug":"cineastas-espanolas-denuncian-premio-a-johnny-depp","status":"publish","type":"post","link":"https:\/\/lamendigapolitica.com\/?p=70271","title":{"rendered":"Cineastas espa\u00f1olas denuncian premio a Johnny Depp"},"content":{"rendered":"<p><a href=\"https:\/\/lamendigapolitica.com\/blog\/?attachment_id=70272\" rel=\"attachment wp-att-70272\"><img loading=\"lazy\" decoding=\"async\" class=\"aligncenter size-full wp-image-70272\" src=\"https:\/\/lamendigapolitica.com\/blog\/wp-content\/uploads\/2021\/08\/800-2.jpeg\" alt=\"\" width=\"800\" height=\"533\" \/><\/a><\/p>\n<p>AP.\u2014 La agrupaci\u00f3n m\u00e1s conocida de de directoras de cine espa\u00f1olas conden\u00f3 el martes la decisi\u00f3n del festival de San Sebasti\u00e1n de otorgar su mayor distinci\u00f3n a Johnny Depp despu\u00e9s que un juez brit\u00e1nico fall\u00f3 el a\u00f1o pasado que las denuncias de violencia dom\u00e9stica contra el actor estadounidenses eran \u201csustancialmente correctas\u201d.<!--more--><\/p>\n<p>Cristina Andreu, presidenta de la Asociaci\u00f3n de Mujeres Cineastas y de Medios Audiovisuales (CIMA), dijo que estaba \u201cmuy sorprendida\u201d por la decisi\u00f3n, anunciada el lunes, de otorgar a Depp el Premio Donostia en la 69na edici\u00f3n del festival el mes pr\u00f3ximo. Es el premio m\u00e1ximo del evento y honra la trayectoria.<\/p>\n<p>Esto \u201chabla muy mal del Festival y de su direcci\u00f3n, trasmite a la ciudadan\u00eda un mensaje terrible :\u2018No importa que seas un maltratador si eres buen actor\u2019\u201d, dijo Andreu a The Associated Press.<\/p>\n<p>La CIMA, que mantiene estrechas relaciones con el festival, est\u00e1 \u201cestudiando qu\u00e9 medidas tomar\u201d, a\u00f1adi\u00f3.<\/p>\n<p>El Festival Internacional de Cine de San Sebasti\u00e1n, en el norte de Espa\u00f1a, se realizar\u00e1 del 17 al 25 de septiembre. Se prev\u00e9 que Depp recibir\u00e1 personalmente la distinci\u00f3n el 22 de septiembre, en su tercera asistencia al evento.<\/p>\n<p>Un pedido de declaraciones enviado por correo electr\u00f3nico al agente de Depp en Los \u00c1ngeles no recibi\u00f3 respuesta en principio.<\/p>\n<p>El a\u00f1o pasado, Depp perdi\u00f3 una demanda por calumnias contra un diario brit\u00e1nico que lo acus\u00f3 de maltrato cuando el juez sentenci\u00f3 que las denuncias eran \u201csustancialmente correctas\u201d. En marzo, una corte brit\u00e1nica le neg\u00f3 el permiso a Depp de apelar el fallo de que atac\u00f3 a su exesposa, Amber Heard, al sostener que su intento de anularlo no ten\u00eda \u201cperspectivas reales de \u00e9xito\u201d.<\/p>\n<p>Depp ha demandado a Heard por 50 millones de d\u00f3lares en Virginia por una columna de opini\u00f3n sobre el maltrato dom\u00e9stico que ella escribi\u00f3 para el diario Washington Post. El juicio ha sido aplazado hasta abril de 2022.<\/p>\n","protected":false},"excerpt":{"rendered":"<p>AP.\u2014 La agrupaci\u00f3n m\u00e1s conocida de de directoras de cine espa\u00f1olas conden\u00f3 el martes la decisi\u00f3n del festival de San Sebasti\u00e1n de otorgar su mayor distinci\u00f3n a Johnny Depp despu\u00e9s que un juez brit\u00e1nico fall\u00f3 el a\u00f1o pasado que las denuncias de violencia dom\u00e9stica contra el actor estadounidenses eran \u201csustancialmente correctas\u201d.<\/p><p><a class=\"more-link btn\" href=\"https:\/\/lamendigapolitica.com\/?p=70271\">Seguir leyendo<\/a><\/p>\n","protected":false},"author":1,"featured_media":0,"comment_status":"open","ping_status":"closed","sticky":false,"template":"","format":"standard","meta":{"footnotes":""},"categories":[97,26,36,27,22],"tags":[],"class_list":["post-70271","post","type-post","status-publish","format-standard","hentry","category-comunicacion","category-cultura","category-espectaculos","category-seguridad","category-sociales","item-wrap"],"_links":{"self":[{"href":"https:\/\/lamendigapolitica.com\/index.php?rest_route=\/wp\/v2\/posts\/70271","targetHints":{"allow":["GET"]}}],"collection":[{"href":"https:\/\/lamendigapolitica.com\/index.php?rest_route=\/wp\/v2\/posts"}],"about":[{"href":"https:\/\/lamendigapolitica.com\/index.php?rest_route=\/wp\/v2\/types\/post"}],"author":[{"embeddable":true,"href":"https:\/\/lamendigapolitica.com\/index.php?rest_route=\/wp\/v2\/users\/1"}],"replies":[{"embeddable":true,"href":"https:\/\/lamendigapolitica.com\/index.php?rest_route=%2Fwp%2Fv2%2Fcomments&post=70271"}],"version-history":[{"count":1,"href":"https:\/\/lamendigapolitica.com\/index.php?rest_route=\/wp\/v2\/posts\/70271\/revisions"}],"predecessor-version":[{"id":70273,"href":"https:\/\/lamendigapolitica.com\/index.php?rest_route=\/wp\/v2\/posts\/70271\/revisions\/70273"}],"wp:attachment":[{"href":"https:\/\/lamendigapolitica.com\/index.php?rest_route=%2Fwp%2Fv2%2Fmedia&parent=70271"}],"wp:term":[{"taxonomy":"category","embeddable":true,"href":"https:\/\/lamendigapolitica.com\/index.php?rest_route=%2Fwp%2Fv2%2Fcategories&post=70271"},{"taxonomy":"post_tag","embeddable":true,"href":"https:\/\/lamendigapolitica.com\/index.php?rest_route=%2Fwp%2Fv2%2Ftags&post=70271"}],"curies":[{"name":"wp","href":"https:\/\/api.w.org\/{rel}","templated":true}]}}