{"id":70074,"date":"2021-07-22T21:07:45","date_gmt":"2021-07-23T02:07:45","guid":{"rendered":"http:\/\/lamendigapolitica.com\/?p=70074"},"modified":"2021-07-22T21:07:45","modified_gmt":"2021-07-23T02:07:45","slug":"performance-escenico-y-sonoro-en-el-musa-para-apreciar-obra-de-leonora-carrington","status":"publish","type":"post","link":"https:\/\/lamendigapolitica.com\/?p=70074","title":{"rendered":"Performance esc\u00e9nico y sonoro en el MUSA para apreciar obra de Leonora Carrington"},"content":{"rendered":"<p>&nbsp;<\/p>\n<p><a href=\"https:\/\/lamendigapolitica.com\/blog\/?attachment_id=70075\" rel=\"attachment wp-att-70075\"><img loading=\"lazy\" decoding=\"async\" class=\"aligncenter size-full wp-image-70075\" src=\"https:\/\/lamendigapolitica.com\/blog\/wp-content\/uploads\/2021\/07\/CARRINGTON.jpg\" alt=\"\" width=\"1097\" height=\"741\" \/><\/a><\/p>\n<p>Fue un homenaje a las artistas surrealistas, en colaboraci\u00f3n con la Coordinaci\u00f3n de Artes Esc\u00e9nicas y Literatura de la UdeG<\/p>\n<p>Con un performance en el que brujas, animales y criaturas fant\u00e1sticas acompa\u00f1an al espectador para apreciar una exposici\u00f3n de 90 piezas, el Museo de las Artes (MUSA) de la UdeG convoc\u00f3 a los amantes del trabajo de Leonora Carrington, cuya obra est\u00e1 expuesta en este recinto.<\/p>\n<p>Con la gu\u00eda de doce int\u00e9rpretes, el MUSA se revel\u00f3 como \u201cun espacio de resguardo, un recinto que custodia a los sue\u00f1os y los proyecta hacia la infinidad del cielo\u201d, explic\u00f3 Sayuri S\u00e1nchez, encargada de Servicios Educativos del museo.<!--more--><\/p>\n<p>\u201cSe trata de una colaboraci\u00f3n con la Coordinaci\u00f3n de Artes Esc\u00e9nicas y Literatura de la UdeG. Uno de nuestros objetivos es impulsar a este grupo de creadoras esc\u00e9nicas y multidisciplinarias. Ellas y ellos trabajaron un proyecto que se llama \u2018Pasaje\u2019, en el que nos soltamos las manos. Es un trabajo que fue acreedor del programa Proyecta 2020, de la Secretar\u00eda de Cultura de Jalisco. Por su perfil profesional las contactamos y esta colaboraci\u00f3n gira en torno a la vida y obra de Leonora Carrington\u201d, describi\u00f3 S\u00e1nchez.<\/p>\n<p>Explic\u00f3 que se trata de un homenaje a las artistas surrealistas que, por cuestiones raciales, de g\u00e9nero y de nivel socioecon\u00f3mico fueron invisibilizadas. Adem\u00e1s, esta representaci\u00f3n reta los par\u00e1metros de belleza y la visi\u00f3n de los fenotipos, apunt\u00f3.<\/p>\n<p>El rec\u00f3ndito mundo de Leonora Carrington es una muestra integrada por m\u00e1s de 90 piezas, entre ellas joyas, estampas, bosquejos, esculturas, fotograf\u00edas y libros de la creadora surrealista. Se realiza en colaboraci\u00f3n con el Consejo del Museo Leonora Carrington, AC, con la curadur\u00eda de Ferm\u00edn Llamazares, la cual terminar\u00e1 el pr\u00f3ximo 8 de agosto.<\/p>\n<p>Recorrido on\u00edrico<\/p>\n<p>La palabra \u201con\u00edrico\u201d alude a los sue\u00f1os. Y el recorrido que se prepar\u00f3 inici\u00f3 de este modo: con susurros y siseos; palabras susurradas y proyecciones en los muros del recinto, acompa\u00f1adas de sonidos electr\u00f3nicos.<\/p>\n<p>Se trat\u00f3 de una experiencia \u00edntima en la que s\u00f3lo participaron 200 personas, divididas en varios grupos. Entre las piezas, una narradora llevaba de la mano a los espectadores, mientras elud\u00eda a diab\u00f3licas criaturitas que soltaban carcajadas retorcidas en la oscuridad.<\/p>\n<p>Llega un momento en el recorrido en el que los asistentes desconocen si las figuras que saltan caprichosas son las esculturas que han tomado vida de forma repentina, o alguno de los doce performers. \u201cNos robaron todo. El alma. \u00bfSe me saldr\u00e1 el coraz\u00f3n de la boca?\u201d, pregunt\u00f3 una voz femenina, que luego pas\u00f3 de la recitaci\u00f3n al canto.<\/p>\n<p>Al final del recorrido, los asistentes se encontraron para realizar un ritual en el que se record\u00f3 a las almas de los y las artistas surrealistas del siglo XX.<\/p>\n<p>Este recorrido adem\u00e1s estar\u00e1 disponible de forma virtual en las redes sociales del MUSA, para que tambi\u00e9n se viva la experiencia a trav\u00e9s de las tecnolog\u00edas.<\/p>\n<p>La coreograf\u00eda, direcci\u00f3n de performers y voz en off estuvo a cargo de Montserrat Cu\u00e9llar Mestas, y la direcci\u00f3n de cinematograf\u00eda y edici\u00f3n en las proyecciones fue de Ariana D\u00edaz. Adem\u00e1s, Sarah Monroy es autora de la m\u00fasica original y de la instalaci\u00f3n sonora.<\/p>\n<p>Las int\u00e9rpretes son: Julieta Casavantes, Viry C\u00e1zares, Denisse Figueroa, Natalia Mart\u00ednez Mej\u00eda, Leticia Monroy Ram\u00edrez, M\u00f3nica Ornelas, Clarissa Picazo, Mariana Rend\u00f3n Citlalli Rodr\u00edguez, Luna Rodr\u00edguez, Ana Karen Sahag\u00fan y Marita Terr\u00edquez.<\/p>\n","protected":false},"excerpt":{"rendered":"<p>&nbsp; Fue un homenaje a las artistas surrealistas, en colaboraci\u00f3n con la Coordinaci\u00f3n de Artes Esc\u00e9nicas y Literatura de la UdeG Con un performance en el que brujas, animales y criaturas fant\u00e1sticas acompa\u00f1an al espectador para apreciar una exposici\u00f3n de 90 piezas, el Museo de las Artes (MUSA) de la UdeG convoc\u00f3 a los amantes &hellip; <\/p>\n<p><a class=\"more-link btn\" href=\"https:\/\/lamendigapolitica.com\/?p=70074\">Seguir leyendo<\/a><\/p>\n","protected":false},"author":1,"featured_media":0,"comment_status":"open","ping_status":"closed","sticky":false,"template":"","format":"standard","meta":{"footnotes":""},"categories":[26,28,36,45],"tags":[],"class_list":["post-70074","post","type-post","status-publish","format-standard","hentry","category-cultura","category-educacion","category-espectaculos","category-featured","item-wrap"],"_links":{"self":[{"href":"https:\/\/lamendigapolitica.com\/index.php?rest_route=\/wp\/v2\/posts\/70074","targetHints":{"allow":["GET"]}}],"collection":[{"href":"https:\/\/lamendigapolitica.com\/index.php?rest_route=\/wp\/v2\/posts"}],"about":[{"href":"https:\/\/lamendigapolitica.com\/index.php?rest_route=\/wp\/v2\/types\/post"}],"author":[{"embeddable":true,"href":"https:\/\/lamendigapolitica.com\/index.php?rest_route=\/wp\/v2\/users\/1"}],"replies":[{"embeddable":true,"href":"https:\/\/lamendigapolitica.com\/index.php?rest_route=%2Fwp%2Fv2%2Fcomments&post=70074"}],"version-history":[{"count":1,"href":"https:\/\/lamendigapolitica.com\/index.php?rest_route=\/wp\/v2\/posts\/70074\/revisions"}],"predecessor-version":[{"id":70076,"href":"https:\/\/lamendigapolitica.com\/index.php?rest_route=\/wp\/v2\/posts\/70074\/revisions\/70076"}],"wp:attachment":[{"href":"https:\/\/lamendigapolitica.com\/index.php?rest_route=%2Fwp%2Fv2%2Fmedia&parent=70074"}],"wp:term":[{"taxonomy":"category","embeddable":true,"href":"https:\/\/lamendigapolitica.com\/index.php?rest_route=%2Fwp%2Fv2%2Fcategories&post=70074"},{"taxonomy":"post_tag","embeddable":true,"href":"https:\/\/lamendigapolitica.com\/index.php?rest_route=%2Fwp%2Fv2%2Ftags&post=70074"}],"curies":[{"name":"wp","href":"https:\/\/api.w.org\/{rel}","templated":true}]}}