{"id":70057,"date":"2021-07-21T20:11:26","date_gmt":"2021-07-22T01:11:26","guid":{"rendered":"http:\/\/lamendigapolitica.com\/?p=70057"},"modified":"2021-07-21T20:11:26","modified_gmt":"2021-07-22T01:11:26","slug":"conmemoran-el-50-aniversario-de-la-banda-municipal-de-guadalajara","status":"publish","type":"post","link":"https:\/\/lamendigapolitica.com\/?p=70057","title":{"rendered":"Conmemoran el 50 aniversario de la Banda Municipal de Guadalajara"},"content":{"rendered":"<p>&nbsp;<\/p>\n<p><a href=\"https:\/\/lamendigapolitica.com\/blog\/?attachment_id=70058\" rel=\"attachment wp-att-70058\"><img loading=\"lazy\" decoding=\"async\" class=\"aligncenter size-full wp-image-70058\" src=\"https:\/\/lamendigapolitica.com\/blog\/wp-content\/uploads\/2021\/07\/ebb49020-3e60-4773-8d85-9ed917f9d533.jpg\" alt=\"\" width=\"1600\" height=\"1066\" \/><\/a><\/p>\n<p>El Gobierno de Guadalajara otorg\u00f3 un reconocimiento a la Banda Municipal por su 50 aniversario, as\u00ed como a familiares de su Director fundador, Nemesio M\u00e1rquez Salcedo, quien el 2 de julio de 1971 tendr\u00eda la iniciativa de integrarla.<!--more--><\/p>\n<p>El Presidente municipal interino de Guadalajara, Eduardo Fabi\u00e1n Mart\u00ednez Lomel\u00ed, entreg\u00f3 este reconocimiento destacando que despu\u00e9s de medio siglo de su fundaci\u00f3n, la Banda Municipal representa toda la esencia jalisciense a trav\u00e9s de la m\u00fasica: \u201cNo hay sentimiento ni emociones que la m\u00fasica no transforme en energ\u00eda positiva. Sin duda, la m\u00fasica es una gran embajadora de la alegr\u00eda y buena voluntad, por eso, a todas y todos los apreciables integrantes de la banda les pido que contin\u00faen trabajando y deleitando al p\u00fablico con su gran talento\u201d.<\/p>\n<p>As\u00ed mismo, el alcalde tapat\u00edo entreg\u00f3 un reconocimiento p\u00f3stumo a familiares del fundador de la banda, el maestro Nemesio M\u00e1rquez Salcedo, y tambi\u00e9n al maestro Carlos Ram\u00edrez, por su destacada trayectoria.<\/p>\n<p>\u201cEstamos trabajando por la cultura para todo el estado de Jalisco y otras ciudades del mundo en donde a trav\u00e9s de la Banda de Guerra, el Ballet y el Coro, ya han sido presentes con magn\u00edficas presentaciones\u201d, a\u00f1adi\u00f3 el mun\u00edcipe.<\/p>\n","protected":false},"excerpt":{"rendered":"<p>&nbsp; El Gobierno de Guadalajara otorg\u00f3 un reconocimiento a la Banda Municipal por su 50 aniversario, as\u00ed como a familiares de su Director fundador, Nemesio M\u00e1rquez Salcedo, quien el 2 de julio de 1971 tendr\u00eda la iniciativa de integrarla.<\/p><p><a class=\"more-link btn\" href=\"https:\/\/lamendigapolitica.com\/?p=70057\">Seguir leyendo<\/a><\/p>\n","protected":false},"author":1,"featured_media":0,"comment_status":"open","ping_status":"closed","sticky":false,"template":"","format":"standard","meta":{"footnotes":""},"categories":[26,36,20,22],"tags":[],"class_list":["post-70057","post","type-post","status-publish","format-standard","hentry","category-cultura","category-espectaculos","category-gobierno","category-sociales","item-wrap"],"_links":{"self":[{"href":"https:\/\/lamendigapolitica.com\/index.php?rest_route=\/wp\/v2\/posts\/70057","targetHints":{"allow":["GET"]}}],"collection":[{"href":"https:\/\/lamendigapolitica.com\/index.php?rest_route=\/wp\/v2\/posts"}],"about":[{"href":"https:\/\/lamendigapolitica.com\/index.php?rest_route=\/wp\/v2\/types\/post"}],"author":[{"embeddable":true,"href":"https:\/\/lamendigapolitica.com\/index.php?rest_route=\/wp\/v2\/users\/1"}],"replies":[{"embeddable":true,"href":"https:\/\/lamendigapolitica.com\/index.php?rest_route=%2Fwp%2Fv2%2Fcomments&post=70057"}],"version-history":[{"count":1,"href":"https:\/\/lamendigapolitica.com\/index.php?rest_route=\/wp\/v2\/posts\/70057\/revisions"}],"predecessor-version":[{"id":70059,"href":"https:\/\/lamendigapolitica.com\/index.php?rest_route=\/wp\/v2\/posts\/70057\/revisions\/70059"}],"wp:attachment":[{"href":"https:\/\/lamendigapolitica.com\/index.php?rest_route=%2Fwp%2Fv2%2Fmedia&parent=70057"}],"wp:term":[{"taxonomy":"category","embeddable":true,"href":"https:\/\/lamendigapolitica.com\/index.php?rest_route=%2Fwp%2Fv2%2Fcategories&post=70057"},{"taxonomy":"post_tag","embeddable":true,"href":"https:\/\/lamendigapolitica.com\/index.php?rest_route=%2Fwp%2Fv2%2Ftags&post=70057"}],"curies":[{"name":"wp","href":"https:\/\/api.w.org\/{rel}","templated":true}]}}