{"id":70021,"date":"2021-07-18T23:37:49","date_gmt":"2021-07-19T04:37:49","guid":{"rendered":"http:\/\/lamendigapolitica.com\/?p=70021"},"modified":"2021-07-18T23:37:49","modified_gmt":"2021-07-19T04:37:49","slug":"la-reina-isabel-ii-abre-los-jardines-del-palacio-de-buckingham-al-publico-por-primera-vez-en-la-historia","status":"publish","type":"post","link":"https:\/\/lamendigapolitica.com\/?p=70021","title":{"rendered":"La reina Isabel II abre los jardines del Palacio de Buckingham al p\u00fablico por primera vez en la historia"},"content":{"rendered":"<div id=\"attachment_70022\" style=\"width: 512px\" class=\"wp-caption aligncenter\"><a href=\"https:\/\/lamendigapolitica.com\/blog\/?attachment_id=70022\" rel=\"attachment wp-att-70022\"><img loading=\"lazy\" decoding=\"async\" aria-describedby=\"caption-attachment-70022\" class=\"size-full wp-image-70022\" src=\"https:\/\/lamendigapolitica.com\/blog\/wp-content\/uploads\/2021\/07\/071_747-1980.jpg\" alt=\"\" width=\"512\" height=\"342\" srcset=\"https:\/\/lamendigapolitica.com\/wp-content\/uploads\/2021\/07\/071_747-1980.jpg 512w, https:\/\/lamendigapolitica.com\/wp-content\/uploads\/2021\/07\/071_747-1980-300x200.jpg 300w\" sizes=\"auto, (max-width: 512px) 100vw, 512px\" \/><\/a><p id=\"caption-attachment-70022\" class=\"wp-caption-text\">Geraniums, Buckingham Palace, London, England, United Kingdom, Europe (Photo by James Emmerson \/ Robert Harding Premium \/ robertharding via AFP)<\/p><\/div>\n<p>Nunca antes en la historia del Reino Unido se hab\u00eda siquiera sugerido la posibilidad de que transe\u00fantes comunes pudieran accesar a los jardines de Buckingham Palace. Tras casi 70 a\u00f1os de reinado, Isabel II decidi\u00f3 revertir esa tendencia con una invitaci\u00f3n al p\u00fablico en general: incluso los cortesanos se sorprendieron ante la apertura de las \u00e1reas verdes imperiales que, seg\u00fan dicen, reverdecen con un fulgor distinto en el ocaso de la crisis sanitaria.<\/p>\n<p>Una invitaci\u00f3n imperial<\/p>\n<p>En toda la capital del Reino Unido no hay espacio privado tan grande como los jardines de Buckingham Palace. Adem\u00e1s de sus 777 habitaciones, las \u00e1reas verdes palaciegas se extienden por 15 hect\u00e1reas, que estar\u00e1n disponibles para el acceso general en lo que resta del verano. La apertura comenz\u00f3 el viernes 9 de julio, y terminar\u00e1 durante la primera semana de agosto.<\/p>\n<p>Despu\u00e9s de un a\u00f1o dif\u00edcil, la monarca ha decidido compartir algo de sus propiedades con sus s\u00fabditos. A pesar de que se les da manutenci\u00f3n con los impuestos recaudados anualmente, los jardines de Buckingham han permanecido cerrados desde su construcci\u00f3n en 1709. La idea de la reina es permitir que cualquiera pueda pasar el d\u00eda en el pasto, comiendo, jugando y tomando t\u00e9.<\/p>\n<p>El boleto costar\u00e1 16.50 libras esterlinas, y si as\u00ed lo desean, las personas podr\u00e1n accesar con una cubeta de pollo o helado. La etiqueta tampoco ser\u00e1 un problema: sus invitados pueden llegar como quieran, como si se tratara de una carne asada en un fin de semana cualquiera. Si la tradici\u00f3n dictaba que no se pisara el pasto, Isabel II invita a las personas a que lo hagan con toda libertad.<\/p>\n<p>Tras la muerte de Felipe de Edimburgo, la reina parece estarse tomando licencias que se salen del margen convencional de la realeza. Sin embargo, la necesidad por reactivar la econom\u00eda y atraer el turismo es mucho m\u00e1s urgente que acatar a rajatabla normas de etiqueta rancias. Este a\u00f1o, marcar\u00e1 un cambio en la agenda real.<\/p>\n<p>A diferencia de a\u00f1os pasados, las fiestas que organiza Isabel II tendr\u00e1n un giro. En lugar de orquestar reuniones pomposas con los miembros de la corte, se dedicar\u00e1 a abrir los jardines de Buckingham para que las personas puedan organizar picnics personales en su patio trasero. En una fiesta promedio en el palacio, se servir\u00edan 20 mil pedazos de pastel. Hoy, la gente podr\u00e1 llevar su propia comida.<\/p>\n","protected":false},"excerpt":{"rendered":"<p>Nunca antes en la historia del Reino Unido se hab\u00eda siquiera sugerido la posibilidad de que transe\u00fantes comunes pudieran accesar a los jardines de Buckingham Palace. Tras casi 70 a\u00f1os de reinado, Isabel II decidi\u00f3 revertir esa tendencia con una invitaci\u00f3n al p\u00fablico en general: incluso los cortesanos se sorprendieron ante la apertura de las &hellip; <\/p>\n<p><a class=\"more-link btn\" href=\"https:\/\/lamendigapolitica.com\/?p=70021\">Seguir leyendo<\/a><\/p>\n","protected":false},"author":1,"featured_media":0,"comment_status":"open","ping_status":"closed","sticky":false,"template":"","format":"standard","meta":{"footnotes":""},"categories":[42,97,36,20],"tags":[],"class_list":["post-70021","post","type-post","status-publish","format-standard","hentry","category-clima","category-comunicacion","category-espectaculos","category-gobierno","item-wrap"],"_links":{"self":[{"href":"https:\/\/lamendigapolitica.com\/index.php?rest_route=\/wp\/v2\/posts\/70021","targetHints":{"allow":["GET"]}}],"collection":[{"href":"https:\/\/lamendigapolitica.com\/index.php?rest_route=\/wp\/v2\/posts"}],"about":[{"href":"https:\/\/lamendigapolitica.com\/index.php?rest_route=\/wp\/v2\/types\/post"}],"author":[{"embeddable":true,"href":"https:\/\/lamendigapolitica.com\/index.php?rest_route=\/wp\/v2\/users\/1"}],"replies":[{"embeddable":true,"href":"https:\/\/lamendigapolitica.com\/index.php?rest_route=%2Fwp%2Fv2%2Fcomments&post=70021"}],"version-history":[{"count":1,"href":"https:\/\/lamendigapolitica.com\/index.php?rest_route=\/wp\/v2\/posts\/70021\/revisions"}],"predecessor-version":[{"id":70023,"href":"https:\/\/lamendigapolitica.com\/index.php?rest_route=\/wp\/v2\/posts\/70021\/revisions\/70023"}],"wp:attachment":[{"href":"https:\/\/lamendigapolitica.com\/index.php?rest_route=%2Fwp%2Fv2%2Fmedia&parent=70021"}],"wp:term":[{"taxonomy":"category","embeddable":true,"href":"https:\/\/lamendigapolitica.com\/index.php?rest_route=%2Fwp%2Fv2%2Fcategories&post=70021"},{"taxonomy":"post_tag","embeddable":true,"href":"https:\/\/lamendigapolitica.com\/index.php?rest_route=%2Fwp%2Fv2%2Ftags&post=70021"}],"curies":[{"name":"wp","href":"https:\/\/api.w.org\/{rel}","templated":true}]}}