{"id":69815,"date":"2021-06-27T19:17:31","date_gmt":"2021-06-28T00:17:31","guid":{"rendered":"http:\/\/lamendigapolitica.com\/?p=69815"},"modified":"2021-06-27T19:17:31","modified_gmt":"2021-06-28T00:17:31","slug":"cambia-de-cesped-el-estadio-de-maracana-a-dias-de-final-de-copa-america","status":"publish","type":"post","link":"https:\/\/lamendigapolitica.com\/?p=69815","title":{"rendered":"cambia de c\u00e9sped el estadio de Maracan\u00e1 a d\u00edas de final de Copa Am\u00e9rica"},"content":{"rendered":"<p><a href=\"https:\/\/lamendigapolitica.com\/blog\/?attachment_id=69816\" rel=\"attachment wp-att-69816\"><img loading=\"lazy\" decoding=\"async\" class=\"aligncenter size-full wp-image-69816\" src=\"https:\/\/lamendigapolitica.com\/blog\/wp-content\/uploads\/2021\/06\/rio.jpeg\" alt=\"\" width=\"800\" height=\"519\" \/><\/a><\/p>\n<p class=\"Component-root-0-2-59 Component-p-0-2-50\">AP.\u2014 La CONMEBOL inform\u00f3 el s\u00e1bado que est\u00e1 reemplazando el c\u00e9sped de la cancha del estadio Maracan\u00e1, donde se llevar\u00e1 a cabo la final de la Copa Am\u00e9rica, en medio de cr\u00edticas a las condiciones de otros campos empleados en el torneo.<\/p>\n<p class=\"Component-root-0-2-59 Component-p-0-2-50\">Maracan\u00e1 ser\u00e1 sede de un solo partido, la final del 10 de julio. Hace semanas, despu\u00e9s de que Brasil asumi\u00f3 de \u00faltimo minuto la sede de la Copa Am\u00e9rica, los organizadores programaron siete partidos en el Est\u00e1dio Nilton Santos de R\u00edo de Janeiro.<!--more--><\/p>\n<p class=\"Component-root-0-2-59 Component-p-0-2-50\">Esa decisi\u00f3n obedeci\u00f3 precisamente a que la cancha del Maracan\u00e1 no estaba en las mejores condiciones. Sin embargo, el pasto del Nilton Santos ha sido tema de cr\u00edticas recurrentes desde el comienzo del torneo que se aplaz\u00f3 un a\u00f1o por la pandemia y que luego no pudo realizarse en Colombia y Argentina, las coanfitrionas originales.<\/p>\n<p class=\"Component-root-0-2-59 Component-p-0-2-50\">La cancha de la Arena Pantanal en Cuiab\u00e1, que albergar\u00e1 un encuentro m\u00e1s de la fase de grupos, ha generado tambi\u00e9n quejas, por presentar hundimientos e irregularidades.<\/p>\n<p class=\"Component-root-0-2-59 Component-p-0-2-50\">El seleccionador brasile\u00f1o Tite se uni\u00f3 recientemente a Neymar y a Lionel Messi entre quienes han manifestado su descontento por el terreno del Nilton Santos, utilizado para las competiciones de atletismo en los Juegos Ol\u00edmpicos de 2016 y empleado regularmente por el club Botafogo, que milita actualmente en la segunda divisi\u00f3n.<\/p>\n<p class=\"Component-root-0-2-59 Component-p-0-2-50\">El jueves, tras la victoria por 2-1 sobre Colombia en ese recinto, Tite dijo que la cancha era \u201cinadmisible\u201d. Al d\u00eda siguiente, la CONMEBOL lo mult\u00f3 con 5.000 d\u00f3lares por criticar la organizaci\u00f3n del torneo, realizada a toda prisa.<\/p>\n<p class=\"Component-root-0-2-59 Component-p-0-2-50\">Tite volvi\u00f3 a expresar el s\u00e1bado sus dudas, esta vez sobre si la cancha del Maracan\u00e1 estar\u00e1 lista para el partido por el t\u00edtulo.<\/p>\n<p class=\"Component-root-0-2-59 Component-p-0-2-50\">\u201cSi hablo sobre la p\u00e9sima cancha (del Nilton Santos) voy a ser multado\u201d, dijo Tite en una videoconferencia de cara al encuentro dominical contra Ecuador en Goiania. \u201cY esto va a suceder de nuevo&#8230; El Maracan\u00e1 no va a estar bien. Es muy poco tiempo (antes de la final). Pueden escribir eso\u201d.<\/p>\n<p class=\"Component-root-0-2-59 Component-p-0-2-50\">Horas despu\u00e9s de la conferencia, la CONMEBOL mostr\u00f3 un video en el que muestra las mejoras que realiza a la mitad de la cancha en el Maracan\u00e1.<\/p>\n<p class=\"Component-root-0-2-59 Component-p-0-2-50\">La agr\u00f3noma Maristela Kuhn, quien trabaja en el cambio de c\u00e9sped, dijo en el video que \u201cse realiz\u00f3 una planificaci\u00f3n muy detallada, para que se consiga alcanzar buenos resultados en muy pocos d\u00edas\u201d.<\/p>\n<p class=\"Component-root-0-2-59 Component-p-0-2-50\">El 17 de junio, despu\u00e9s de que Brasil vapule\u00f3 4-0 a Per\u00fa, Neymar recurri\u00f3 a una iron\u00eda en su cuenta de Instagram para protestar por las condiciones del terreno.<\/p>\n<p class=\"Component-root-0-2-59 Component-p-0-2-50\">\u201cCelebrando el gol de ayer en el \u2018bello\u2019 c\u00e9sped del Engenh\u00e3o\u201d, escribi\u00f3 el astro brasile\u00f1o junto a su propia foto. \u201cFavor de arreglar el campo\u201d.<\/p>\n<p class=\"Component-root-0-2-59 Component-p-0-2-50\">El Engenh\u00e3o es el otro nombre con el que se conoce al Nilton Santos, donde tres d\u00edas antes los integrantes de la selecci\u00f3n argentina tampoco quedaron muy conformes con el terreno tras el empate ante Chile.<\/p>\n<p class=\"Component-root-0-2-59 Component-p-0-2-50\">\u201cLa cancha, la verdad no ayudaba mucho\u201d, consider\u00f3 Messi.<\/p>\n<p class=\"Component-root-0-2-59 Component-p-0-2-50\">La cr\u00edtica del t\u00e9cnico argentino Lionel Scaloni fue demoledora. Sentenci\u00f3 que el recinto presenta \u201cuna cancha que es m\u00e1s para otro deporte que para jugar al f\u00fatbol\u201d.<\/p>\n<p class=\"Component-root-0-2-59 Component-p-0-2-50\">\u201cNos encontramos en una cancha que a los 10 minutos del primer tiempo ya no se pod\u00eda jugar al f\u00fatbol\u201d, dijo Scaloni. \u201cJugamos en un campo lamentable&#8230; como tambi\u00e9n fue lamentable en el que se disput\u00f3 el Colombia Ecuador\u201d.<\/p>\n<p class=\"Component-root-0-2-59 Component-p-0-2-50\">Ese campo del Colombia-Ecuador fue el de la Arena Pantanal. D\u00edas despu\u00e9s, el t\u00e9cnico uruguayo de Chile, Mart\u00edn Lasarte tom\u00f3 con su tel\u00e9fono varias fotograf\u00edas de algunas zonas de ese terreno, para documentar las malas condiciones.<\/p>\n<p class=\"Component-root-0-2-59 Component-p-0-2-50\">El arquero peruano Pedro Gallese lament\u00f3 el estado del Engenh\u00e3o, tras la goleada ante Brasil.<\/p>\n<p class=\"Component-root-0-2-59 Component-p-0-2-50\">\u201cEl gramado estaba en p\u00e9simas condiciones No se pod\u00eda sacar del fondo. Es lo que hay&#8230; Se hunde todo\u201d, mencion\u00f3.<\/p>\n<p class=\"Component-root-0-2-59 Component-p-0-2-50\">En la Copa Am\u00e9rica de 2019, de la que Brasil fue tambi\u00e9n anfitri\u00f3n, se presentaron problemas con el pasto. Messi y el uruguayo Luis Su\u00e1rez se quejaron amargamente de la cancha de la Arena do Gremio en Porto Alegre, que no es ahora subsede del torneo.<\/p>\n","protected":false},"excerpt":{"rendered":"<p>AP.\u2014 La CONMEBOL inform\u00f3 el s\u00e1bado que est\u00e1 reemplazando el c\u00e9sped de la cancha del estadio Maracan\u00e1, donde se llevar\u00e1 a cabo la final de la Copa Am\u00e9rica, en medio de cr\u00edticas a las condiciones de otros campos empleados en el torneo. Maracan\u00e1 ser\u00e1 sede de un solo partido, la final del 10 de julio. &hellip; <\/p>\n<p><a class=\"more-link btn\" href=\"https:\/\/lamendigapolitica.com\/?p=69815\">Seguir leyendo<\/a><\/p>\n","protected":false},"author":1,"featured_media":0,"comment_status":"open","ping_status":"closed","sticky":false,"template":"","format":"standard","meta":{"footnotes":""},"categories":[26,23,43,36,20],"tags":[],"class_list":["post-69815","post","type-post","status-publish","format-standard","hentry","category-cultura","category-deportes","category-ecologia","category-espectaculos","category-gobierno","item-wrap"],"_links":{"self":[{"href":"https:\/\/lamendigapolitica.com\/index.php?rest_route=\/wp\/v2\/posts\/69815","targetHints":{"allow":["GET"]}}],"collection":[{"href":"https:\/\/lamendigapolitica.com\/index.php?rest_route=\/wp\/v2\/posts"}],"about":[{"href":"https:\/\/lamendigapolitica.com\/index.php?rest_route=\/wp\/v2\/types\/post"}],"author":[{"embeddable":true,"href":"https:\/\/lamendigapolitica.com\/index.php?rest_route=\/wp\/v2\/users\/1"}],"replies":[{"embeddable":true,"href":"https:\/\/lamendigapolitica.com\/index.php?rest_route=%2Fwp%2Fv2%2Fcomments&post=69815"}],"version-history":[{"count":1,"href":"https:\/\/lamendigapolitica.com\/index.php?rest_route=\/wp\/v2\/posts\/69815\/revisions"}],"predecessor-version":[{"id":69817,"href":"https:\/\/lamendigapolitica.com\/index.php?rest_route=\/wp\/v2\/posts\/69815\/revisions\/69817"}],"wp:attachment":[{"href":"https:\/\/lamendigapolitica.com\/index.php?rest_route=%2Fwp%2Fv2%2Fmedia&parent=69815"}],"wp:term":[{"taxonomy":"category","embeddable":true,"href":"https:\/\/lamendigapolitica.com\/index.php?rest_route=%2Fwp%2Fv2%2Fcategories&post=69815"},{"taxonomy":"post_tag","embeddable":true,"href":"https:\/\/lamendigapolitica.com\/index.php?rest_route=%2Fwp%2Fv2%2Ftags&post=69815"}],"curies":[{"name":"wp","href":"https:\/\/api.w.org\/{rel}","templated":true}]}}