{"id":69631,"date":"2021-06-06T11:57:50","date_gmt":"2021-06-06T16:57:50","guid":{"rendered":"http:\/\/lamendigapolitica.com\/?p=69631"},"modified":"2021-06-07T12:02:28","modified_gmt":"2021-06-07T17:02:28","slug":"llega-el-segundo-bebe-de-enrique-y-meghan-una-nina","status":"publish","type":"post","link":"https:\/\/lamendigapolitica.com\/?p=69631","title":{"rendered":"Llega el segundo beb\u00e9 de Enrique y Meghan, una ni\u00f1a"},"content":{"rendered":"<p><a href=\"https:\/\/lamendigapolitica.com\/blog\/?attachment_id=69632\" rel=\"attachment wp-att-69632\"><img loading=\"lazy\" decoding=\"async\" class=\"aligncenter size-full wp-image-69632\" src=\"https:\/\/lamendigapolitica.com\/blog\/wp-content\/uploads\/2021\/06\/lilibeth.jpg\" alt=\"\" width=\"300\" height=\"168\" \/><\/a><\/p>\n<p>AP. &#8211; El segundo beb\u00e9 del duque y la duquesa de Sussex est\u00e1 oficialmente aqu\u00ed: Meghan dio a luz a una ni\u00f1a sana el viernes.<\/p>\n<p>Un portavoz del pr\u00edncipe Enrique y Meghan dijo el domingo que la pareja recibi\u00f3 a su hija Lilibet \u201cLili\u201d Diana Mountbatten-Windsor a las 11:40 de la ma\u00f1ana. Pes\u00f3 3,2 kilos (7,1 libras).<!--more--><\/p>\n<p>Su primer nombre, Lilibet, es igual al sobrenombre de la reina. El segundo es en honor a su abuela y madre de Enrique. La beb\u00e9 es la octava en la l\u00ednea al trono brit\u00e1nico.<\/p>\n<p>La pareja emiti\u00f3 una declaraci\u00f3n junto con el anuncio el domingo, donde dicen: \u201cElla es m\u00e1s de lo que podr\u00edamos haber imaginado, y seguimos agradecidos por el amor y las oraciones que hemos sentido de todo el mundo. Gracias por su continua amabilidad y apoyo durante este momento tan especial para nuestra familia \u201d. El comunicado no inclu\u00eda ninguna imagen.<\/p>\n<p>Enrique y la actriz estadounidense Meghan Markle se casaron en el Castillo de Windsor en mayo de 2018. Su hijo Archie Harrison Mountbatten-Windsor naci\u00f3 un a\u00f1o despu\u00e9s.<\/p>\n<p>A principios de 2020, la pareja anunci\u00f3 que dejar\u00edan sus deberes reales y se mudar\u00edan a Am\u00e9rica del Norte, citando lo que dijeron eran las insoportables intrusiones y actitudes racistas de la prensa brit\u00e1nica. Ahora viven en Montecito, una zona elegante cerca de Santa B\u00e1rbara, California.<\/p>\n<p>A pesar de dejar los deberes reales, Enrique mantiene su sitio en el orden de sucesi\u00f3n al trono.<\/p>\n<p>Antes de \u00e9l son el pr\u00edncipe Carlos; el pr\u00edncipe Guillermo, los hijos de \u00e9ste los pr\u00edncipes George, Charlotte y Louis; Posteriormente vienen Enrique y sus hijos Archie y Lilibet.<\/p>\n","protected":false},"excerpt":{"rendered":"<p>AP. &#8211; El segundo beb\u00e9 del duque y la duquesa de Sussex est\u00e1 oficialmente aqu\u00ed: Meghan dio a luz a una ni\u00f1a sana el viernes. Un portavoz del pr\u00edncipe Enrique y Meghan dijo el domingo que la pareja recibi\u00f3 a su hija Lilibet \u201cLili\u201d Diana Mountbatten-Windsor a las 11:40 de la ma\u00f1ana. Pes\u00f3 3,2 kilos &hellip; <\/p>\n<p><a class=\"more-link btn\" href=\"https:\/\/lamendigapolitica.com\/?p=69631\">Seguir leyendo<\/a><\/p>\n","protected":false},"author":1,"featured_media":0,"comment_status":"open","ping_status":"closed","sticky":false,"template":"","format":"standard","meta":{"footnotes":""},"categories":[26,36,31,22],"tags":[],"class_list":["post-69631","post","type-post","status-publish","format-standard","hentry","category-cultura","category-espectaculos","category-internacional","category-sociales","item-wrap"],"_links":{"self":[{"href":"https:\/\/lamendigapolitica.com\/index.php?rest_route=\/wp\/v2\/posts\/69631","targetHints":{"allow":["GET"]}}],"collection":[{"href":"https:\/\/lamendigapolitica.com\/index.php?rest_route=\/wp\/v2\/posts"}],"about":[{"href":"https:\/\/lamendigapolitica.com\/index.php?rest_route=\/wp\/v2\/types\/post"}],"author":[{"embeddable":true,"href":"https:\/\/lamendigapolitica.com\/index.php?rest_route=\/wp\/v2\/users\/1"}],"replies":[{"embeddable":true,"href":"https:\/\/lamendigapolitica.com\/index.php?rest_route=%2Fwp%2Fv2%2Fcomments&post=69631"}],"version-history":[{"count":1,"href":"https:\/\/lamendigapolitica.com\/index.php?rest_route=\/wp\/v2\/posts\/69631\/revisions"}],"predecessor-version":[{"id":69633,"href":"https:\/\/lamendigapolitica.com\/index.php?rest_route=\/wp\/v2\/posts\/69631\/revisions\/69633"}],"wp:attachment":[{"href":"https:\/\/lamendigapolitica.com\/index.php?rest_route=%2Fwp%2Fv2%2Fmedia&parent=69631"}],"wp:term":[{"taxonomy":"category","embeddable":true,"href":"https:\/\/lamendigapolitica.com\/index.php?rest_route=%2Fwp%2Fv2%2Fcategories&post=69631"},{"taxonomy":"post_tag","embeddable":true,"href":"https:\/\/lamendigapolitica.com\/index.php?rest_route=%2Fwp%2Fv2%2Ftags&post=69631"}],"curies":[{"name":"wp","href":"https:\/\/api.w.org\/{rel}","templated":true}]}}