{"id":69510,"date":"2021-05-25T21:43:30","date_gmt":"2021-05-26T02:43:30","guid":{"rendered":"http:\/\/lamendigapolitica.com\/?p=69510"},"modified":"2021-05-25T21:43:30","modified_gmt":"2021-05-26T02:43:30","slug":"como-ver-la-superluna-de-sangre-el-primer-eclipse-lunar-del-ano-este-26-de-mayo","status":"publish","type":"post","link":"https:\/\/lamendigapolitica.com\/?p=69510","title":{"rendered":"C\u00f3mo ver la Superluna de sangre, el primer eclipse lunar del a\u00f1o este 26 de mayo"},"content":{"rendered":"<p><a href=\"https:\/\/lamendigapolitica.com\/blog\/?attachment_id=69511\" rel=\"attachment wp-att-69511\"><img loading=\"lazy\" decoding=\"async\" class=\"aligncenter size-full wp-image-69511\" src=\"https:\/\/lamendigapolitica.com\/blog\/wp-content\/uploads\/2021\/05\/eclipse-lunar-superluna4.jpg\" alt=\"\" width=\"683\" height=\"512\" srcset=\"https:\/\/lamendigapolitica.com\/wp-content\/uploads\/2021\/05\/eclipse-lunar-superluna4.jpg 683w, https:\/\/lamendigapolitica.com\/wp-content\/uploads\/2021\/05\/eclipse-lunar-superluna4-300x225.jpg 300w, https:\/\/lamendigapolitica.com\/wp-content\/uploads\/2021\/05\/eclipse-lunar-superluna4-555x416.jpg 555w\" sizes=\"auto, (max-width: 683px) 100vw, 683px\" \/><\/a><\/p>\n<p>La madrugada del 26 de mayo, la luna m\u00e1s grande de todo 2021 ser\u00e1 la gran protagonista de un eclipse lunar. Descubre cu\u00e1ndo y c\u00f3mo ver este fen\u00f3meno astron\u00f3mico.<br \/>\nAl menos un par de veces al a\u00f1o, la Luna pasa exactamente sobre la sombra de la Tierra provocada por la luz del Sol, dando paso a un eclipse.<!--more--><\/p>\n<p>Sin embargo, el eclipse total de Luna de este 26 de mayo ser\u00e1 a\u00fan m\u00e1s especial, pues coincide con el perigeo (el momento de la \u00f3rbita en el que nuestro sat\u00e9lite natural se encuentra m\u00e1s cerca de la Tierra) y por lo tanto, traer\u00e1 consigo la Luna llena m\u00e1s grande y brillante de todo el a\u00f1o.<\/p>\n<p>\u00bfD\u00f3nde ser\u00e1 visible el eclipse y la Superluna del 26 de mayo?<\/p>\n<p>En Am\u00e9rica, el eclipse lunar ser\u00e1 visible totalmente en Chile y el suroeste de Argentina, en M\u00e9xico y Centroam\u00e9rica, en Ecuador y la costa oeste de Per\u00fa y en el centro y la costa oeste de los Estados Unidos. El fen\u00f3meno tambi\u00e9n ser\u00e1 visible desde Australia, Hawai y en algunos pa\u00edses del sureste asi\u00e1tico.<\/p>\n<p>Eclipse lunar paso a paso: horarios clave y lo que debes de saber<br \/>\nEn M\u00e9xico, el eclipse iniciar\u00e1 a las 04:45 am del 26 de mayo (09:45 UTC), cuando la Luna comience a ocultarse en la umbra cambiando su tonalidad caracter\u00edstica por un tono rojizo.<\/p>\n<p>Una hora y algunos minutos despu\u00e9s, el eclipse alcanzar\u00e1 su punto m\u00e1ximo con una Luna llena completamente naranja a las 06:11 am (11:11 UTC), fase que finalizar\u00e1 15 minutos m\u00e1s tarde, a las 06:26 am (11:26 UTC).<\/p>\n<p>Finalmente, el eclipse parcial culminar\u00e1 a las 07:52 am (12:52 UTC), a poco m\u00e1s de tres horas de su inicio.<\/p>\n","protected":false},"excerpt":{"rendered":"<p>La madrugada del 26 de mayo, la luna m\u00e1s grande de todo 2021 ser\u00e1 la gran protagonista de un eclipse lunar. Descubre cu\u00e1ndo y c\u00f3mo ver este fen\u00f3meno astron\u00f3mico. Al menos un par de veces al a\u00f1o, la Luna pasa exactamente sobre la sombra de la Tierra provocada por la luz del Sol, dando paso &hellip; <\/p>\n<p><a class=\"more-link btn\" href=\"https:\/\/lamendigapolitica.com\/?p=69510\">Seguir leyendo<\/a><\/p>\n","protected":false},"author":1,"featured_media":0,"comment_status":"open","ping_status":"closed","sticky":false,"template":"","format":"standard","meta":{"footnotes":""},"categories":[42,26,36,41],"tags":[],"class_list":["post-69510","post","type-post","status-publish","format-standard","hentry","category-clima","category-cultura","category-espectaculos","category-tecnologia","item-wrap"],"_links":{"self":[{"href":"https:\/\/lamendigapolitica.com\/index.php?rest_route=\/wp\/v2\/posts\/69510","targetHints":{"allow":["GET"]}}],"collection":[{"href":"https:\/\/lamendigapolitica.com\/index.php?rest_route=\/wp\/v2\/posts"}],"about":[{"href":"https:\/\/lamendigapolitica.com\/index.php?rest_route=\/wp\/v2\/types\/post"}],"author":[{"embeddable":true,"href":"https:\/\/lamendigapolitica.com\/index.php?rest_route=\/wp\/v2\/users\/1"}],"replies":[{"embeddable":true,"href":"https:\/\/lamendigapolitica.com\/index.php?rest_route=%2Fwp%2Fv2%2Fcomments&post=69510"}],"version-history":[{"count":1,"href":"https:\/\/lamendigapolitica.com\/index.php?rest_route=\/wp\/v2\/posts\/69510\/revisions"}],"predecessor-version":[{"id":69512,"href":"https:\/\/lamendigapolitica.com\/index.php?rest_route=\/wp\/v2\/posts\/69510\/revisions\/69512"}],"wp:attachment":[{"href":"https:\/\/lamendigapolitica.com\/index.php?rest_route=%2Fwp%2Fv2%2Fmedia&parent=69510"}],"wp:term":[{"taxonomy":"category","embeddable":true,"href":"https:\/\/lamendigapolitica.com\/index.php?rest_route=%2Fwp%2Fv2%2Fcategories&post=69510"},{"taxonomy":"post_tag","embeddable":true,"href":"https:\/\/lamendigapolitica.com\/index.php?rest_route=%2Fwp%2Fv2%2Ftags&post=69510"}],"curies":[{"name":"wp","href":"https:\/\/api.w.org\/{rel}","templated":true}]}}