{"id":69425,"date":"2021-05-17T21:35:34","date_gmt":"2021-05-18T02:35:34","guid":{"rendered":"http:\/\/lamendigapolitica.com\/?p=69425"},"modified":"2021-05-17T21:35:34","modified_gmt":"2021-05-18T02:35:34","slug":"festival-de-cine-de-tribeca-marco-para-reabrir-el-radio-city-music-hall","status":"publish","type":"post","link":"https:\/\/lamendigapolitica.com\/?p=69425","title":{"rendered":"Festival de Cine de Tribeca, marco para reabrir el Radio City Music Hall"},"content":{"rendered":"<p><a href=\"https:\/\/lamendigapolitica.com\/blog\/?attachment_id=69426\" rel=\"attachment wp-att-69426\"><img loading=\"lazy\" decoding=\"async\" class=\"aligncenter size-full wp-image-69426\" src=\"https:\/\/lamendigapolitica.com\/blog\/wp-content\/uploads\/2021\/05\/4.jpg\" alt=\"\" width=\"253\" height=\"199\" \/><\/a><\/p>\n<p>EFE.- El ic\u00f3nico Radio City Music Hall de Nueva York reabrir\u00e1 al 100 % de su capacidad tras m\u00e1s de un a\u00f1o de cierre para celebrar la noche de clausura del Festival de Cine de Tribeca, que este junio celebrar\u00e1 su vig\u00e9simo aniversario.<\/p>\n<p>La novedad fue anunciada por el gobernador de Nueva York, Andrew Cuomo, que est\u00e1 coordinando una r\u00e1pida reapertura del estado, eliminando la necesidad del uso de la mascarilla en los espacios exteriores y la gran mayor\u00eda de los espacios interiores para todos aquellos que est\u00e9n vacunados, en concordancia con las recomendaciones de los Centros de Control y Prevenci\u00f3n de Enfermedades de EE.UU. (CDC, en ingl\u00e9s).<\/p>\n","protected":false},"excerpt":{"rendered":"<p>EFE.- El ic\u00f3nico Radio City Music Hall de Nueva York reabrir\u00e1 al 100 % de su capacidad tras m\u00e1s de un a\u00f1o de cierre para celebrar la noche de clausura del Festival de Cine de Tribeca, que este junio celebrar\u00e1 su vig\u00e9simo aniversario. La novedad fue anunciada por el gobernador de Nueva York, Andrew Cuomo, &hellip; <\/p>\n<p><a class=\"more-link btn\" href=\"https:\/\/lamendigapolitica.com\/?p=69425\">Seguir leyendo<\/a><\/p>\n","protected":false},"author":1,"featured_media":0,"comment_status":"open","ping_status":"closed","sticky":false,"template":"","format":"standard","meta":{"footnotes":""},"categories":[26,36,20],"tags":[],"class_list":["post-69425","post","type-post","status-publish","format-standard","hentry","category-cultura","category-espectaculos","category-gobierno","item-wrap"],"_links":{"self":[{"href":"https:\/\/lamendigapolitica.com\/index.php?rest_route=\/wp\/v2\/posts\/69425","targetHints":{"allow":["GET"]}}],"collection":[{"href":"https:\/\/lamendigapolitica.com\/index.php?rest_route=\/wp\/v2\/posts"}],"about":[{"href":"https:\/\/lamendigapolitica.com\/index.php?rest_route=\/wp\/v2\/types\/post"}],"author":[{"embeddable":true,"href":"https:\/\/lamendigapolitica.com\/index.php?rest_route=\/wp\/v2\/users\/1"}],"replies":[{"embeddable":true,"href":"https:\/\/lamendigapolitica.com\/index.php?rest_route=%2Fwp%2Fv2%2Fcomments&post=69425"}],"version-history":[{"count":1,"href":"https:\/\/lamendigapolitica.com\/index.php?rest_route=\/wp\/v2\/posts\/69425\/revisions"}],"predecessor-version":[{"id":69427,"href":"https:\/\/lamendigapolitica.com\/index.php?rest_route=\/wp\/v2\/posts\/69425\/revisions\/69427"}],"wp:attachment":[{"href":"https:\/\/lamendigapolitica.com\/index.php?rest_route=%2Fwp%2Fv2%2Fmedia&parent=69425"}],"wp:term":[{"taxonomy":"category","embeddable":true,"href":"https:\/\/lamendigapolitica.com\/index.php?rest_route=%2Fwp%2Fv2%2Fcategories&post=69425"},{"taxonomy":"post_tag","embeddable":true,"href":"https:\/\/lamendigapolitica.com\/index.php?rest_route=%2Fwp%2Fv2%2Ftags&post=69425"}],"curies":[{"name":"wp","href":"https:\/\/api.w.org\/{rel}","templated":true}]}}