{"id":69404,"date":"2021-05-15T23:48:23","date_gmt":"2021-05-16T04:48:23","guid":{"rendered":"http:\/\/lamendigapolitica.com\/?p=69404"},"modified":"2021-05-15T23:48:23","modified_gmt":"2021-05-16T04:48:23","slug":"subastan-articulos-de-la-cantante-janet-jackson","status":"publish","type":"post","link":"https:\/\/lamendigapolitica.com\/?p=69404","title":{"rendered":"Subastan art\u00edculos de la cantante Janet Jackson"},"content":{"rendered":"<p><a href=\"https:\/\/lamendigapolitica.com\/blog\/?attachment_id=69405\" rel=\"attachment wp-att-69405\"><img loading=\"lazy\" decoding=\"async\" class=\"aligncenter size-full wp-image-69405\" src=\"https:\/\/lamendigapolitica.com\/blog\/wp-content\/uploads\/2021\/05\/jac.jpg\" alt=\"\" width=\"279\" height=\"181\" \/><\/a><\/p>\n<p>AP.\u2014 Los conjuntos que Janet Jackson luci\u00f3 en el video musical \u201cScream\u201d con su hermano Michael Jackson figuran entre los art\u00edculos puestos en venta en una subasta de tres d\u00edas.<\/p>\n<p>La camisa de manga larga de tela de Janet Jackson, con textura de burbujas, sus pantalones negros de cuero acharolado y las botas negras de cuero acharolado y que dan arriba del tobillo se vendieron el s\u00e1bado en 125.000 d\u00f3lares, seg\u00fan la casa Julien\u2019s Auctions.<!--more--><\/p>\n<p>La subasta llamada \u201cTesoros ic\u00f3nicos de la carrera y vida legendaria de Janet Jackson\u201d durar\u00e1 hasta el domingo, cuando la cantante cumple 55 a\u00f1os.<\/p>\n<p>Jackson se asoci\u00f3 con Julien\u00b4s Auctions para vender m\u00e1s de 1.000 objetos de su carrera as\u00ed como patrimonio personales. La subasta se efectu\u00f3 en vivo en Beverly Hills, California, y fue mostrada en la p\u00e1gina web de Julien\u2019s.<\/p>\n<p>Una parte del dinero se destinar\u00e1 a Compassion International, una organizaci\u00f3n que ayuda a los ni\u00f1os a salir de la pobreza.<\/p>\n<p>El abrigo largo color plata met\u00e1lico de Jackson con forro de piel esquilada de cordero, pu\u00f1os y cuello, dise\u00f1ado por Helen Storey, fue vendido en 50.000 d\u00f3lares.<\/p>\n<p>Un bikini de cuerdas plateadas y un par de pantalones que Jackson uso abajo del abrigo se vendieron en 25.600 d\u00f3lares.<\/p>\n<p>El viernes, la chaqueta original de Janet Jackson que utiliz\u00f3 en su gira de conciertos Rhythm Nation Tour en 1990 junto con una gorra negra \u201c1814\u201d y guantes de sat\u00edn blanco con decoraci\u00f3n de placas met\u00e1licas se vendi\u00f3 en 81.250 d\u00f3lares.<\/p>\n<p>Otros art\u00edculos como el pendiente tipo anillo plateado del que colgaba una llave y que utiliz\u00f3 en los Premios Soul Train de 1987 y en su gira Rhythm Nations se vendi\u00f3 en 43.750 d\u00f3lares.<\/p>\n","protected":false},"excerpt":{"rendered":"<p>AP.\u2014 Los conjuntos que Janet Jackson luci\u00f3 en el video musical \u201cScream\u201d con su hermano Michael Jackson figuran entre los art\u00edculos puestos en venta en una subasta de tres d\u00edas. La camisa de manga larga de tela de Janet Jackson, con textura de burbujas, sus pantalones negros de cuero acharolado y las botas negras de &hellip; <\/p>\n<p><a class=\"more-link btn\" href=\"https:\/\/lamendigapolitica.com\/?p=69404\">Seguir leyendo<\/a><\/p>\n","protected":false},"author":1,"featured_media":0,"comment_status":"open","ping_status":"closed","sticky":false,"template":"","format":"standard","meta":{"footnotes":""},"categories":[36,45,22],"tags":[],"class_list":["post-69404","post","type-post","status-publish","format-standard","hentry","category-espectaculos","category-featured","category-sociales","item-wrap"],"_links":{"self":[{"href":"https:\/\/lamendigapolitica.com\/index.php?rest_route=\/wp\/v2\/posts\/69404","targetHints":{"allow":["GET"]}}],"collection":[{"href":"https:\/\/lamendigapolitica.com\/index.php?rest_route=\/wp\/v2\/posts"}],"about":[{"href":"https:\/\/lamendigapolitica.com\/index.php?rest_route=\/wp\/v2\/types\/post"}],"author":[{"embeddable":true,"href":"https:\/\/lamendigapolitica.com\/index.php?rest_route=\/wp\/v2\/users\/1"}],"replies":[{"embeddable":true,"href":"https:\/\/lamendigapolitica.com\/index.php?rest_route=%2Fwp%2Fv2%2Fcomments&post=69404"}],"version-history":[{"count":1,"href":"https:\/\/lamendigapolitica.com\/index.php?rest_route=\/wp\/v2\/posts\/69404\/revisions"}],"predecessor-version":[{"id":69406,"href":"https:\/\/lamendigapolitica.com\/index.php?rest_route=\/wp\/v2\/posts\/69404\/revisions\/69406"}],"wp:attachment":[{"href":"https:\/\/lamendigapolitica.com\/index.php?rest_route=%2Fwp%2Fv2%2Fmedia&parent=69404"}],"wp:term":[{"taxonomy":"category","embeddable":true,"href":"https:\/\/lamendigapolitica.com\/index.php?rest_route=%2Fwp%2Fv2%2Fcategories&post=69404"},{"taxonomy":"post_tag","embeddable":true,"href":"https:\/\/lamendigapolitica.com\/index.php?rest_route=%2Fwp%2Fv2%2Ftags&post=69404"}],"curies":[{"name":"wp","href":"https:\/\/api.w.org\/{rel}","templated":true}]}}