{"id":69330,"date":"2021-05-08T21:19:35","date_gmt":"2021-05-09T02:19:35","guid":{"rendered":"http:\/\/lamendigapolitica.com\/?p=69330"},"modified":"2021-05-08T21:19:35","modified_gmt":"2021-05-09T02:19:35","slug":"luces-en-cielo-impactan-a-residentes-molestan-a-astronomos","status":"publish","type":"post","link":"https:\/\/lamendigapolitica.com\/?p=69330","title":{"rendered":"Luces en cielo impactan a residentes, molestan a astr\u00f3nomos"},"content":{"rendered":"<p><a href=\"https:\/\/lamendigapolitica.com\/blog\/?attachment_id=69331\" rel=\"attachment wp-att-69331\"><img loading=\"lazy\" decoding=\"async\" class=\"aligncenter size-full wp-image-69331\" src=\"https:\/\/lamendigapolitica.com\/blog\/wp-content\/uploads\/2021\/05\/800-1.jpeg\" alt=\"\" width=\"800\" height=\"532\" \/><\/a><\/p>\n<p>AP.\u2014 Una serie de luces que atravesaron el cielo nocturno en partes de Estados Unidos el mi\u00e9rcoles, jueves y viernes, hicieron que algunas personas se preguntaran si estaba por llegar una flotilla de ovnis, pero otras \u2014la mayor\u00eda astr\u00f3nomos amateurs y profesionales\u2014 lamentaron la industrializaci\u00f3n del espacio.<!--more--><\/p>\n<p>La cadena de luces en realidad era una serie de sat\u00e9lites volando relativamente bajo lanzados esta semana por SpaceX, la empresa de Elon Musk, como parte de su servicio de internet Starlink. Desde Texas hasta Wisconsin, la poblaci\u00f3n satur\u00f3 las l\u00edneas telef\u00f3nicas de las televisoras para reportar las luces y cavilar sobre ovnis.<\/p>\n<p>Un correo electr\u00f3nico enviado al vocero de SpaceX no fue respondido el s\u00e1bado, pero expertos en astronom\u00eda indican que la cantidad de luces en r\u00e1pida sucesi\u00f3n y su distancia de la Tierra permitieron que los sat\u00e9lites Starlink fueran f\u00e1cilmente identificables por quienes est\u00e1n acostumbrados a verlos.<\/p>\n<p>\u201cLa forma en que puedes distinguir que son sat\u00e9lites Starlink es que son como un collar de perlas, luces viajando en la misma \u00f3rbita b\u00e1sica, una tras otras\u201d, dijo el doctor Ricchard Fienberg, director de prensa de la Sociedad Astron\u00f3mica Estadounidense.<\/p>\n<p>Fienberg agreg\u00f3 que los sat\u00e9lites que son lanzados en grandes grupos llamados constelaciones, se alinean cuando est\u00e1n en \u00f3rbita, sobre todo justo despu\u00e9s del lanzamiento. La cadena se vuelve m\u00e1s peque\u00f1a conforme pasa el tiempo.<\/p>\n<p>Este mes, SpaceX ha lanzado decenas de sat\u00e9lites. Todo es parte de un plan de unir la divisi\u00f3n digital y que partes desprotegidas del mundo tengan acceso a internet, para lo cual SpaceX tiene programado lanzar tentativamente otros 120 sat\u00e9lites en este mes. En general, la empresa ha enviado aproximadamente 1.500 sat\u00e9lites a \u00f3rbita y ha pedido permiso para lanzar miles m\u00e1s.<\/p>\n<p>Pero hace algunos a\u00f1os, hab\u00eda quiz\u00e1 en total unos cuantos cientos de sat\u00e9lites orbitando la Tierra, la mayor\u00eda visibles como luces individuales atravesando el cielo, explic\u00f3 Fienberg. El otro pu\u00f1ado de empresas que planean, o han lanzado, las constelaciones de sat\u00e9lites no lo han hecho recientemente y en gran parte los han puesto a una distancia mayor de la Tierra, agreg\u00f3.<\/p>\n<p>Al grupo de Fienberg, as\u00ed como a otros que representan a astr\u00f3nomos tanto amateurs como profesionales, no les encanta la proliferaci\u00f3n de sat\u00e9lites que pueden oscurecer datos cient\u00edficos y arruinar una noche clara de contemplaci\u00f3n del universo. La Uni\u00f3n Astron\u00f3mica Internacional emiti\u00f3 un comunicado en julio de 2019 expresando su preocupaci\u00f3n por los m\u00faltiples lanzamientos de sat\u00e9lites.<\/p>\n<p>\u201cLa organizaci\u00f3n, en general, acepta el principio de un cielo oscuro y sin transmisiones de radio no s\u00f3lo como esencial para avanzar en la compresi\u00f3n del Universo del que somos parte, sino tambi\u00e9n como una fuente para toda la humanidad y para la protecci\u00f3n de la vida silvestre nocturna\u201d, escribi\u00f3 el representante del grupo. Se\u00f1al\u00f3 que el reflejo de la luz puede interferir con la investigaci\u00f3n astron\u00f3mica, pero que las ondas radiales tambi\u00e9n pueden causar problemas en equipo de investigaci\u00f3n especializado como aquel que capt\u00f3 las primeras im\u00e1genes de un hoyo negro.<\/p>\n","protected":false},"excerpt":{"rendered":"<p>AP.\u2014 Una serie de luces que atravesaron el cielo nocturno en partes de Estados Unidos el mi\u00e9rcoles, jueves y viernes, hicieron que algunas personas se preguntaran si estaba por llegar una flotilla de ovnis, pero otras \u2014la mayor\u00eda astr\u00f3nomos amateurs y profesionales\u2014 lamentaron la industrializaci\u00f3n del espacio.<\/p><p><a class=\"more-link btn\" href=\"https:\/\/lamendigapolitica.com\/?p=69330\">Seguir leyendo<\/a><\/p>\n","protected":false},"author":1,"featured_media":0,"comment_status":"open","ping_status":"closed","sticky":false,"template":"","format":"standard","meta":{"footnotes":""},"categories":[42,26,36,41],"tags":[],"class_list":["post-69330","post","type-post","status-publish","format-standard","hentry","category-clima","category-cultura","category-espectaculos","category-tecnologia","item-wrap"],"_links":{"self":[{"href":"https:\/\/lamendigapolitica.com\/index.php?rest_route=\/wp\/v2\/posts\/69330","targetHints":{"allow":["GET"]}}],"collection":[{"href":"https:\/\/lamendigapolitica.com\/index.php?rest_route=\/wp\/v2\/posts"}],"about":[{"href":"https:\/\/lamendigapolitica.com\/index.php?rest_route=\/wp\/v2\/types\/post"}],"author":[{"embeddable":true,"href":"https:\/\/lamendigapolitica.com\/index.php?rest_route=\/wp\/v2\/users\/1"}],"replies":[{"embeddable":true,"href":"https:\/\/lamendigapolitica.com\/index.php?rest_route=%2Fwp%2Fv2%2Fcomments&post=69330"}],"version-history":[{"count":1,"href":"https:\/\/lamendigapolitica.com\/index.php?rest_route=\/wp\/v2\/posts\/69330\/revisions"}],"predecessor-version":[{"id":69332,"href":"https:\/\/lamendigapolitica.com\/index.php?rest_route=\/wp\/v2\/posts\/69330\/revisions\/69332"}],"wp:attachment":[{"href":"https:\/\/lamendigapolitica.com\/index.php?rest_route=%2Fwp%2Fv2%2Fmedia&parent=69330"}],"wp:term":[{"taxonomy":"category","embeddable":true,"href":"https:\/\/lamendigapolitica.com\/index.php?rest_route=%2Fwp%2Fv2%2Fcategories&post=69330"},{"taxonomy":"post_tag","embeddable":true,"href":"https:\/\/lamendigapolitica.com\/index.php?rest_route=%2Fwp%2Fv2%2Ftags&post=69330"}],"curies":[{"name":"wp","href":"https:\/\/api.w.org\/{rel}","templated":true}]}}